{"id":3388,"date":"2013-02-27T01:47:38","date_gmt":"2013-02-27T01:47:38","guid":{"rendered":"http:\/\/www.rincondelbulla.cl\/portal\/?p=3388"},"modified":"2013-02-27T01:47:38","modified_gmt":"2013-02-27T01:47:38","slug":"la-previa-la-u-se-pone-al-dia-y-busca-los-tres-puntos","status":"publish","type":"post","link":"http:\/\/www.rincondelbulla.cl\/portal\/2013\/02\/27\/la-previa-la-u-se-pone-al-dia-y-busca-los-tres-puntos\/","title":{"rendered":"La Previa: La U se pone al d\u00eda y busca los tres puntos"},"content":{"rendered":"<figure id=\"attachment_4997\" aria-describedby=\"caption-attachment-4997\" style=\"width: 619px\" class=\"wp-caption alignnone\"><img loading=\"lazy\" decoding=\"async\" class=\" size-full wp-image-4997\" src=\"http:\/\/www.rincondelbulla.cl\/portal\/wp-content\/uploads\/2013\/02\/e0fb5ec07d7847cd287eb03b12387f0a.jpg\" alt=\"Foto: Agencia UNO\" class=\"caption\" title=\"Azules y caturros juegan, por fin, la primera fecha\" width=\"619\" height=\"464\" srcset=\"http:\/\/www.rincondelbulla.cl\/portal\/wp-content\/uploads\/2013\/02\/e0fb5ec07d7847cd287eb03b12387f0a.jpg 619w, http:\/\/www.rincondelbulla.cl\/portal\/wp-content\/uploads\/2013\/02\/e0fb5ec07d7847cd287eb03b12387f0a-300x225.jpg 300w, http:\/\/www.rincondelbulla.cl\/portal\/wp-content\/uploads\/2013\/02\/e0fb5ec07d7847cd287eb03b12387f0a-80x60.jpg 80w, http:\/\/www.rincondelbulla.cl\/portal\/wp-content\/uploads\/2013\/02\/e0fb5ec07d7847cd287eb03b12387f0a-265x198.jpg 265w, http:\/\/www.rincondelbulla.cl\/portal\/wp-content\/uploads\/2013\/02\/e0fb5ec07d7847cd287eb03b12387f0a-560x420.jpg 560w\" sizes=\"auto, (max-width: 619px) 100vw, 619px\" \/><figcaption id=\"caption-attachment-4997\" class=\"wp-caption-text\">Azules y caturros juegan, por fin, la primera fecha<\/figcaption><\/figure>\n<p style=\"text-align: justify;\"><b><span style=\"font-family: 'Arial','sans-serif';\">Universidad de Chile se enfrentar\u00e1 a Santiago Wanderers ma\u00f1ana mi\u00e9rcoles a las 19 horas en Quillota. Azules y caturros disputar\u00e1n el duelo suspendido en la primera fecha del Torneo de Transici\u00f3n 2013 y, con esto, quedar\u00e1n a la par con el resto de los equipos en cuanto a partidos disputados. El equipo de Franco va por los tres puntos para escalar en la tabla de posiciones y, de paso, cerrar las dudas que se tienen frente al funcionamiento de este equipo.<\/span><\/b><\/p>\n<p style=\"text-align: justify;\"><b><span style=\"font-family: 'Arial','sans-serif';\"> <!--more--> <\/span><\/b><\/p>\n<p style=\"text-align: justify;\"><span style=\"font-family: 'Arial','sans-serif';\">El cuadro azul se desplaz\u00f3 hasta Quillota para ponerse al d\u00eda en partidos jugados en el presente Torneo, sin embargo, m\u00e1s all\u00e1 de la nivelaci\u00f3n con los otros equipos, para los azules puede llegar a ser un partido muy importante.<\/span><\/p>\n<p style=\"text-align: justify;\"><span style=\"font-family: 'Arial','sans-serif';\">Esto debido a que el comienzo de a\u00f1o del cuadro de Dar\u00edo Franco no ha sido de los mejores, cosechando triunfos, empates y dolorosas derrotas. Si bien es cierto en tiempos anteriores esto no era muy grave, hoy en d\u00eda y tras la vara alta dejada por el antiguo cuerpo t\u00e9cnico y plantel, el mejor equipo de Chile est\u00e1 perdiendo mucho del terreno ganado.<\/span><\/p>\n<p style=\"text-align: justify;\"><span style=\"font-family: 'Arial','sans-serif';\">Un partido \u201cbisagra\u201d como le llamar\u00edan algunos. Que puede servir para enmendar el rumbo y, de una vez por todas, retomar el nivel exhibido en las \u00faltimas temporadas o que puede servir para agudizar lo irregular que ha sido este comienzo.<\/span><\/p>\n<p style=\"text-align: justify;\"><span style=\"font-family: 'Arial','sans-serif';\">Pero por qu\u00e9 podr\u00eda ser tan preocupante esto. En el Torneo nacional cada punto vale oro ya que, como sabemos, ya no existen play offs y el que suma m\u00e1s es Campe\u00f3n, as\u00ed de sencillo. No hay margen de error. Para qu\u00e9 hablar de Copa Libertadores.<\/span><\/p>\n<p style=\"text-align: justify;\"><span style=\"font-family: 'Arial','sans-serif';\">Tras la goleada propinada a San Marcos de Arica el pasado domingo, los leones llegan con la moral alta a la quinta regi\u00f3n y, esperemos, se ratifique lo realizado en la \u00faltima fecha.<\/span><\/p>\n<p style=\"text-align: justify;\"><span style=\"font-family: 'Arial','sans-serif';\">Azules y caturros se han enfrentado en 114 ocasiones, con 55 triunfos Azules, 36 empates y 23 derrotas. Con 210 goles para la U y 135 para los porte\u00f1os.<\/span><\/p>\n<p style=\"text-align: justify;\"><span style=\"font-family: 'Arial','sans-serif';\">Adem\u00e1s, los dirigidos por Franco suman 17 partidos consecutivos sin perder ante Wanderers, con 12 victorias y cinco empates en sus \u00faltimos encuentros. <\/span><\/p>\n<p style=\"text-align: justify;\"><span style=\"font-family: 'Arial','sans-serif';\">Recuerda, mi\u00e9rcoles 27 de febrero de 2013. 19:00 horas. Estadio Lucio Fari\u00f1a de Quillota. Santiago Wanderers vs Universidad de Chile.<\/span><\/p>\n","protected":false},"excerpt":{"rendered":"<p>Universidad de Chile se enfrentar\u00e1 a Santiago Wanderers ma\u00f1ana mi\u00e9rcoles a las 19 horas en Quillota. Azules y caturros disputar\u00e1n el duelo suspendido en la primera fecha del Torneo de Transici\u00f3n 2013 y, con esto, quedar\u00e1n a la par con el resto de los equipos en cuanto a partidos disputados. El equipo de Franco va [&#8230;]<\/p>\n","protected":false},"author":57,"featured_media":4997,"comment_status":"open","ping_status":"open","sticky":false,"template":"","format":"standard","meta":{"footnotes":""},"categories":[18],"tags":[],"class_list":{"0":"post-3388","1":"post","2":"type-post","3":"status-publish","4":"format-standard","5":"has-post-thumbnail","7":"category-actualidad"},"_links":{"self":[{"href":"http:\/\/www.rincondelbulla.cl\/portal\/wp-json\/wp\/v2\/posts\/3388","targetHints":{"allow":["GET"]}}],"collection":[{"href":"http:\/\/www.rincondelbulla.cl\/portal\/wp-json\/wp\/v2\/posts"}],"about":[{"href":"http:\/\/www.rincondelbulla.cl\/portal\/wp-json\/wp\/v2\/types\/post"}],"author":[{"embeddable":true,"href":"http:\/\/www.rincondelbulla.cl\/portal\/wp-json\/wp\/v2\/users\/57"}],"replies":[{"embeddable":true,"href":"http:\/\/www.rincondelbulla.cl\/portal\/wp-json\/wp\/v2\/comments?post=3388"}],"version-history":[{"count":0,"href":"http:\/\/www.rincondelbulla.cl\/portal\/wp-json\/wp\/v2\/posts\/3388\/revisions"}],"wp:featuredmedia":[{"embeddable":true,"href":"http:\/\/www.rincondelbulla.cl\/portal\/wp-json\/wp\/v2\/media\/4997"}],"wp:attachment":[{"href":"http:\/\/www.rincondelbulla.cl\/portal\/wp-json\/wp\/v2\/media?parent=3388"}],"wp:term":[{"taxonomy":"category","embeddable":true,"href":"http:\/\/www.rincondelbulla.cl\/portal\/wp-json\/wp\/v2\/categories?post=3388"},{"taxonomy":"post_tag","embeddable":true,"href":"http:\/\/www.rincondelbulla.cl\/portal\/wp-json\/wp\/v2\/tags?post=3388"}],"curies":[{"name":"wp","href":"https:\/\/api.w.org\/{rel}","templated":true}]}}