{"id":3390,"date":"2013-03-01T01:14:27","date_gmt":"2013-03-01T01:14:27","guid":{"rendered":"http:\/\/www.rincondelbulla.cl\/portal\/?p=3390"},"modified":"2013-03-01T01:14:27","modified_gmt":"2013-03-01T01:14:27","slug":"cesar-cortes-y-el-irregular-momento-azul-tenemos-mucho-que-mejorar","status":"publish","type":"post","link":"http:\/\/www.rincondelbulla.cl\/portal\/2013\/03\/01\/cesar-cortes-y-el-irregular-momento-azul-tenemos-mucho-que-mejorar\/","title":{"rendered":"C\u00e9sar Cort\u00e9s y el irregular momento azul: \u00abTenemos mucho que mejorar\u00bb"},"content":{"rendered":"<p><img loading=\"lazy\" decoding=\"async\" class=\" size-full wp-image-4999\" src=\"http:\/\/www.rincondelbulla.cl\/portal\/wp-content\/uploads\/2013\/03\/f1a52b1b3474330a463b5b3e09ccac84.jpg\" alt=\"\" width=\"900\" height=\"600\" srcset=\"http:\/\/www.rincondelbulla.cl\/portal\/wp-content\/uploads\/2013\/03\/f1a52b1b3474330a463b5b3e09ccac84.jpg 900w, http:\/\/www.rincondelbulla.cl\/portal\/wp-content\/uploads\/2013\/03\/f1a52b1b3474330a463b5b3e09ccac84-300x200.jpg 300w, http:\/\/www.rincondelbulla.cl\/portal\/wp-content\/uploads\/2013\/03\/f1a52b1b3474330a463b5b3e09ccac84-768x512.jpg 768w, http:\/\/www.rincondelbulla.cl\/portal\/wp-content\/uploads\/2013\/03\/f1a52b1b3474330a463b5b3e09ccac84-696x464.jpg 696w, http:\/\/www.rincondelbulla.cl\/portal\/wp-content\/uploads\/2013\/03\/f1a52b1b3474330a463b5b3e09ccac84-630x420.jpg 630w\" sizes=\"auto, (max-width: 900px) 100vw, 900px\" \/><\/p>\n<p><strong>El delantero que lleg\u00f3 como refuerzo para esta temporada habl\u00f3 del presente de Universidad de Chile y el complejo momento que vive en cuadro estudiantil.<\/strong><\/p>\n<p>  <!--more-->  <\/p>\n<p><span style=\"line-height: 1.3em;\">El delantero de la U se refiri\u00f3 al actual panorama de su equipo luego de la derrota ante Santiago Wanderers. <strong>\u201cNo estamos jugando bien\u201d<\/strong>, reconoci\u00f3 el ex Huachipato.<\/span><\/p>\n<p>&nbsp;<\/p>\n<p>En Universidad de Chile lamentaron la ca\u00edda ante Santiago Wanderers por el duelo pendiente de la primera fecha del Torneo Nacional 2013. Los azules cumplieron un magro partido y s\u00f3lo se les vio m\u00e1s precisos sobre el final del choque.<\/p>\n<p><strong>\u201cHa sido un arranque no esperado por nosotros ni el cuerpo t\u00e9cnico. Estamos bastante irregulares y eso nos complica. Hay preocupaci\u00f3n, pero sabemos que tenemos plantel para enmendar los errores que hemos cometido en el inicio de este a\u00f1o\u201d<\/strong>, dijo C\u00e9sar Cort\u00e9s.<\/p>\n<p>El delantero proveniente de Huachipato agreg\u00f3 que<strong> \u201cno estamos finos como equipo y no nos hemos encontrado en los \u00faltimos partidos. Debemos ganar para no perder opci\u00f3n al campeonato\u201d.<\/strong><\/p>\n<p>Para el ariete, el cuadro laico no ha funcionado en lo personal ni en lo grupal, explic\u00e1ndose en esto la irregularidad mostrada.<\/p>\n<p><strong>\u201cEl rendimiento personal y grupal creo que ha bajado bastante. Hay que ser bastante autocr\u00edtico como para darse cuenta que no se est\u00e1 jugando bien y que tenemos muchas cosas que mejorar\u201d<\/strong>, reconoci\u00f3.<\/p>\n<p>Por \u00faltimo, analiz\u00f3 lo que se viene para lo azules en la sexta fecha, donde tendr\u00e1n que visitar a Cobresal con la misi\u00f3n sumar de a tres y enmendar camino.<\/p>\n<p><strong>\u201cNo s\u00e9 si es una obligaci\u00f3n, pero si una necesidad para el equipo, para meternos arriba, ganar confianza y poder acercarnos a los puestos de avanzada que es donde queremos estar\u201d<\/strong>, sostuvo.<\/p>\n<p><strong>\u201cTenemos que ganar todo lo que se viene por delante, para que no se complique cada vez m\u00e1s y se va complicar si no sumamos puntos en El Salvador\u201d<\/strong>, sentenci\u00f3 Cort\u00e9s.<\/p>\n<p>&nbsp;<\/p>\n<p><strong>Fuente: Red Gol<\/strong><\/p>\n","protected":false},"excerpt":{"rendered":"<p>El delantero que lleg\u00f3 como refuerzo para esta temporada habl\u00f3 del presente de Universidad de Chile y el complejo momento que vive en cuadro estudiantil.<\/p>\n","protected":false},"author":56,"featured_media":4999,"comment_status":"open","ping_status":"open","sticky":false,"template":"","format":"standard","meta":{"footnotes":""},"categories":[18],"tags":[],"class_list":{"0":"post-3390","1":"post","2":"type-post","3":"status-publish","4":"format-standard","5":"has-post-thumbnail","7":"category-actualidad"},"_links":{"self":[{"href":"http:\/\/www.rincondelbulla.cl\/portal\/wp-json\/wp\/v2\/posts\/3390","targetHints":{"allow":["GET"]}}],"collection":[{"href":"http:\/\/www.rincondelbulla.cl\/portal\/wp-json\/wp\/v2\/posts"}],"about":[{"href":"http:\/\/www.rincondelbulla.cl\/portal\/wp-json\/wp\/v2\/types\/post"}],"author":[{"embeddable":true,"href":"http:\/\/www.rincondelbulla.cl\/portal\/wp-json\/wp\/v2\/users\/56"}],"replies":[{"embeddable":true,"href":"http:\/\/www.rincondelbulla.cl\/portal\/wp-json\/wp\/v2\/comments?post=3390"}],"version-history":[{"count":0,"href":"http:\/\/www.rincondelbulla.cl\/portal\/wp-json\/wp\/v2\/posts\/3390\/revisions"}],"wp:featuredmedia":[{"embeddable":true,"href":"http:\/\/www.rincondelbulla.cl\/portal\/wp-json\/wp\/v2\/media\/4999"}],"wp:attachment":[{"href":"http:\/\/www.rincondelbulla.cl\/portal\/wp-json\/wp\/v2\/media?parent=3390"}],"wp:term":[{"taxonomy":"category","embeddable":true,"href":"http:\/\/www.rincondelbulla.cl\/portal\/wp-json\/wp\/v2\/categories?post=3390"},{"taxonomy":"post_tag","embeddable":true,"href":"http:\/\/www.rincondelbulla.cl\/portal\/wp-json\/wp\/v2\/tags?post=3390"}],"curies":[{"name":"wp","href":"https:\/\/api.w.org\/{rel}","templated":true}]}}