{"id":3391,"date":"2013-03-01T01:18:30","date_gmt":"2013-03-01T01:18:30","guid":{"rendered":"http:\/\/www.rincondelbulla.cl\/portal\/?p=3391"},"modified":"2013-03-01T01:18:30","modified_gmt":"2013-03-01T01:18:30","slug":"por-fin-menita-volveria-ante-cobresal-este-fin-de-semana","status":"publish","type":"post","link":"http:\/\/www.rincondelbulla.cl\/portal\/2013\/03\/01\/por-fin-menita-volveria-ante-cobresal-este-fin-de-semana\/","title":{"rendered":"\u00a1\u00a1\u00a1Por fin!!! \u00abMenita\u00bb volver\u00eda ante Cobresal este fin de semana"},"content":{"rendered":"<p><img loading=\"lazy\" decoding=\"async\" class=\" size-full wp-image-5000\" src=\"http:\/\/www.rincondelbulla.cl\/portal\/wp-content\/uploads\/2013\/03\/1b189110657ffbd8ee7710ca2f89ee88.jpg\" alt=\"\" width=\"700\" height=\"396\" srcset=\"http:\/\/www.rincondelbulla.cl\/portal\/wp-content\/uploads\/2013\/03\/1b189110657ffbd8ee7710ca2f89ee88.jpg 700w, http:\/\/www.rincondelbulla.cl\/portal\/wp-content\/uploads\/2013\/03\/1b189110657ffbd8ee7710ca2f89ee88-300x170.jpg 300w, http:\/\/www.rincondelbulla.cl\/portal\/wp-content\/uploads\/2013\/03\/1b189110657ffbd8ee7710ca2f89ee88-696x394.jpg 696w\" sizes=\"auto, (max-width: 700px) 100vw, 700px\" \/><\/p>\n<p>&nbsp;<\/p>\n<p><strong>Eugenio Mena se encuentra recuperado de la lesi\u00f3n (desgarro) que lo alej\u00f3 casi un mes de las canchas, el vo,ante que la rompe por el\u00f1 sector izquierdo ser\u00eda alternativa para el cuestionado DT Dar\u00edo Franco ante el partido de este s\u00e1bado frente a Cobresal.<\/strong> <!--more--> <span style=\"line-height: 1.3em;\">S\u00f3lo le sirve ganar a Universidad de Chile este s\u00e1bado para entrar en la carrera por la corona del Torneo de Transici\u00f3n 2013, para este nuevo desaf\u00edo el argentino Dar\u00edo Franco podr\u00eda contar con Eugenio Mena que luego de casi un mes de recuperaci\u00f3n ay se encuentra en condiciones para debutar en el torneo local. En la pr\u00e1ctica de hoy se sinti\u00f3 c\u00f3modo y lo coment\u00f3 por una red social.<\/span><\/p>\n<p><strong>\u201cHoy me sent\u00ed muy bien entrenando normalmente con el grupo (\u2026) El s\u00e1bado podr\u00eda reaparecer. \u00a1Al fin!\u201d<\/strong>, public\u00f3 el zurdo en su cuenta de Twitter.<\/p>\n<p>En el cuadro azul las cosas no han caminado como se esperaba, por lo que Dar\u00edo Franco deber\u00e1 utilizar el mejor contingente disponible, lo que hace presumir que Mena relegar\u00eda al banco a Roberto Cereceda que ha sido uno de los m\u00e1s regulares en el baj\u00f3n de los universitarios.<\/p>\n<p>El duelo entre Cobresal y la U est\u00e1 programado para este s\u00e1bado a las 15:30 horas en el Estadio El Cobre, en el campamento minero de El Salvador.<\/p>\n<p><strong>Fuente: Red Gol<\/strong><\/p>\n","protected":false},"excerpt":{"rendered":"<p>&nbsp; Eugenio Mena se encuentra recuperado de la lesi\u00f3n (desgarro) que lo alej\u00f3 casi un mes de las canchas, el vo,ante que la rompe por el\u00f1 sector izquierdo ser\u00eda alternativa para el cuestionado DT Dar\u00edo Franco ante el partido de este s\u00e1bado frente a Cobresal.<\/p>\n","protected":false},"author":56,"featured_media":5000,"comment_status":"open","ping_status":"open","sticky":false,"template":"","format":"standard","meta":{"footnotes":""},"categories":[18],"tags":[],"class_list":{"0":"post-3391","1":"post","2":"type-post","3":"status-publish","4":"format-standard","5":"has-post-thumbnail","7":"category-actualidad"},"_links":{"self":[{"href":"http:\/\/www.rincondelbulla.cl\/portal\/wp-json\/wp\/v2\/posts\/3391","targetHints":{"allow":["GET"]}}],"collection":[{"href":"http:\/\/www.rincondelbulla.cl\/portal\/wp-json\/wp\/v2\/posts"}],"about":[{"href":"http:\/\/www.rincondelbulla.cl\/portal\/wp-json\/wp\/v2\/types\/post"}],"author":[{"embeddable":true,"href":"http:\/\/www.rincondelbulla.cl\/portal\/wp-json\/wp\/v2\/users\/56"}],"replies":[{"embeddable":true,"href":"http:\/\/www.rincondelbulla.cl\/portal\/wp-json\/wp\/v2\/comments?post=3391"}],"version-history":[{"count":0,"href":"http:\/\/www.rincondelbulla.cl\/portal\/wp-json\/wp\/v2\/posts\/3391\/revisions"}],"wp:featuredmedia":[{"embeddable":true,"href":"http:\/\/www.rincondelbulla.cl\/portal\/wp-json\/wp\/v2\/media\/5000"}],"wp:attachment":[{"href":"http:\/\/www.rincondelbulla.cl\/portal\/wp-json\/wp\/v2\/media?parent=3391"}],"wp:term":[{"taxonomy":"category","embeddable":true,"href":"http:\/\/www.rincondelbulla.cl\/portal\/wp-json\/wp\/v2\/categories?post=3391"},{"taxonomy":"post_tag","embeddable":true,"href":"http:\/\/www.rincondelbulla.cl\/portal\/wp-json\/wp\/v2\/tags?post=3391"}],"curies":[{"name":"wp","href":"https:\/\/api.w.org\/{rel}","templated":true}]}}