{"id":3392,"date":"2013-03-01T11:33:36","date_gmt":"2013-03-01T11:33:36","guid":{"rendered":"http:\/\/www.rincondelbulla.cl\/portal\/?p=3392"},"modified":"2013-03-01T11:33:36","modified_gmt":"2013-03-01T11:33:36","slug":"la-complicada-u-de-franco-rumbo-a-el-salvador","status":"publish","type":"post","link":"http:\/\/www.rincondelbulla.cl\/portal\/2013\/03\/01\/la-complicada-u-de-franco-rumbo-a-el-salvador\/","title":{"rendered":"La Previa: La complicada \u201cU\u201d de Franco rumbo a El Salvador"},"content":{"rendered":"<p><img loading=\"lazy\" decoding=\"async\" class=\" size-full wp-image-5001\" src=\"http:\/\/www.rincondelbulla.cl\/portal\/wp-content\/uploads\/2013\/03\/8d5ef66b4b9dbd10b4340065ef1e379e.jpg\" alt=\"\" width=\"900\" height=\"600\" srcset=\"http:\/\/www.rincondelbulla.cl\/portal\/wp-content\/uploads\/2013\/03\/8d5ef66b4b9dbd10b4340065ef1e379e.jpg 900w, http:\/\/www.rincondelbulla.cl\/portal\/wp-content\/uploads\/2013\/03\/8d5ef66b4b9dbd10b4340065ef1e379e-300x200.jpg 300w, http:\/\/www.rincondelbulla.cl\/portal\/wp-content\/uploads\/2013\/03\/8d5ef66b4b9dbd10b4340065ef1e379e-768x512.jpg 768w, http:\/\/www.rincondelbulla.cl\/portal\/wp-content\/uploads\/2013\/03\/8d5ef66b4b9dbd10b4340065ef1e379e-696x464.jpg 696w, http:\/\/www.rincondelbulla.cl\/portal\/wp-content\/uploads\/2013\/03\/8d5ef66b4b9dbd10b4340065ef1e379e-630x420.jpg 630w\" sizes=\"auto, (max-width: 900px) 100vw, 900px\" \/><\/p>\n<p><strong><span style=\"line-height: 1.3em;\">Tras caer ante un escueto Santiago Wanderers 2-1 por la fecha pendiente del Campeonato de Transici\u00f3n, el cuadro azul ha recibido fuertes cr\u00edticas, las cuales han ido dirigidas especialmente para el t\u00e9cnico Dar\u00edo Franco. Este s\u00e1bado deber\u00e1 enfrentar un partido siempre duro por las adversidades clim\u00e1ticas en El Salvador ante Cobresal. Sigue los pormenores del partido por Rincondelbulla.cl<\/span><\/strong><\/p>\n<p><strong><span style=\"line-height: 1.3em;\">&nbsp;Escrito por Felipe Inostroza<\/span><\/strong><\/p>\n<p><strong><span style=\"line-height: 1.3em;\">&nbsp;<\/span><\/strong><\/p>\n<p>Duras semanas ha tenido el entrenador azul Dar\u00edo Franco, luego de la derrota en Quillota ante el cuadro caturro. En el duelo previo antes San Marcos de Arica parec\u00eda que el cuadro laico se volv\u00eda a reencontrar con su f\u00fatbol tras golear por 6-1. Pero nuevamente volvieron las dudas el mi\u00e9rcoles pasado.<\/p>\n<p>Este s\u00e1bado el desaf\u00edo parece no ser menor. Una cancha dif\u00edcil y a la vez llena de recuerdos, a esto se le suma que el pr\u00f3ximo martes la \u201cU\u201d juega en Rosario su tercer partido de Copa Libertadores ante Newell\u2019s Old Boys, el cual en el papel aparece como el rival m\u00e1s dif\u00edcil del grupo.<\/p>\n<p>Los azules no han logrado dar con una formaci\u00f3n que convenza a su fanaticada. El ariete azul C\u00e9sar Cort\u00e9s habl\u00f3 del presente azul dejando en claro que el margen de error ya dej\u00f3 de correr.<strong> \u201cTenemos que ganar todo lo que se viene por delante, para que no se complique cada vez m\u00e1s y se va complicar si no sumamos puntos en El Salvador\u201d.<\/strong><\/p>\n<p>Quien ser\u00eda carta para Dar\u00edo Franco este s\u00e1bado es Eugenio Mena. El volante azul se recuper\u00f3 de su desgarro que lo mantuvo alejado un mes de las canchas. As\u00ed lo public\u00f3 desde su twitter: <strong>\u201cHoy me sent\u00ed muy bien entrenando normalmente con el grupo (\u2026) El s\u00e1bado podr\u00eda reaparecer. \u00a1Al fin!\u201d.<\/strong><\/p>\n<p>Quien se encargara de impartir justicia este s\u00e1bado es el se\u00f1or Eduardo Gamboa. Las entradas para la visita alcanzan un valor de 8 mil pesos, las cuales se pueden adquirir hasta este viernes en el Estadio de Copiap\u00f3.<\/p>\n","protected":false},"excerpt":{"rendered":"<p>Tras caer ante un escueto Santiago Wanderers 2-1 por la fecha pendiente del Campeonato de Transici\u00f3n, el cuadro azul ha recibido fuertes cr\u00edticas, las cuales han ido dirigidas especialmente para el t\u00e9cnico Dar\u00edo Franco. Este s\u00e1bado deber\u00e1 enfrentar un partido siempre duro por las adversidades clim\u00e1ticas en El Salvador ante Cobresal. Sigue los pormenores del [&#8230;]<\/p>\n","protected":false},"author":56,"featured_media":5001,"comment_status":"open","ping_status":"open","sticky":false,"template":"","format":"standard","meta":{"footnotes":""},"categories":[18],"tags":[],"class_list":{"0":"post-3392","1":"post","2":"type-post","3":"status-publish","4":"format-standard","5":"has-post-thumbnail","7":"category-actualidad"},"_links":{"self":[{"href":"http:\/\/www.rincondelbulla.cl\/portal\/wp-json\/wp\/v2\/posts\/3392","targetHints":{"allow":["GET"]}}],"collection":[{"href":"http:\/\/www.rincondelbulla.cl\/portal\/wp-json\/wp\/v2\/posts"}],"about":[{"href":"http:\/\/www.rincondelbulla.cl\/portal\/wp-json\/wp\/v2\/types\/post"}],"author":[{"embeddable":true,"href":"http:\/\/www.rincondelbulla.cl\/portal\/wp-json\/wp\/v2\/users\/56"}],"replies":[{"embeddable":true,"href":"http:\/\/www.rincondelbulla.cl\/portal\/wp-json\/wp\/v2\/comments?post=3392"}],"version-history":[{"count":0,"href":"http:\/\/www.rincondelbulla.cl\/portal\/wp-json\/wp\/v2\/posts\/3392\/revisions"}],"wp:featuredmedia":[{"embeddable":true,"href":"http:\/\/www.rincondelbulla.cl\/portal\/wp-json\/wp\/v2\/media\/5001"}],"wp:attachment":[{"href":"http:\/\/www.rincondelbulla.cl\/portal\/wp-json\/wp\/v2\/media?parent=3392"}],"wp:term":[{"taxonomy":"category","embeddable":true,"href":"http:\/\/www.rincondelbulla.cl\/portal\/wp-json\/wp\/v2\/categories?post=3392"},{"taxonomy":"post_tag","embeddable":true,"href":"http:\/\/www.rincondelbulla.cl\/portal\/wp-json\/wp\/v2\/tags?post=3392"}],"curies":[{"name":"wp","href":"https:\/\/api.w.org\/{rel}","templated":true}]}}