{"id":3393,"date":"2013-03-02T21:36:03","date_gmt":"2013-03-02T21:36:03","guid":{"rendered":"http:\/\/www.rincondelbulla.cl\/portal\/?p=3393"},"modified":"2013-03-02T21:36:03","modified_gmt":"2013-03-02T21:36:03","slug":"la-u-volvio-al-triunfo-y-retoma-terreno","status":"publish","type":"post","link":"http:\/\/www.rincondelbulla.cl\/portal\/2013\/03\/02\/la-u-volvio-al-triunfo-y-retoma-terreno\/","title":{"rendered":"La U volvi\u00f3 al triunfo y retoma terreno"},"content":{"rendered":"<figure id=\"attachment_5002\" aria-describedby=\"caption-attachment-5002\" style=\"width: 460px\" class=\"wp-caption alignnone\"><img loading=\"lazy\" decoding=\"async\" class=\" size-full wp-image-5002\" src=\"http:\/\/www.rincondelbulla.cl\/portal\/wp-content\/uploads\/2013\/03\/d470244f18da1d2db8f761a254041a67.jpg\" alt=\"Foto_ Agencia UNO\" class=\"caption\" title=\"Garc\u00e9s, una de las figuras de hoy\" width=\"460\" height=\"345\" srcset=\"http:\/\/www.rincondelbulla.cl\/portal\/wp-content\/uploads\/2013\/03\/d470244f18da1d2db8f761a254041a67.jpg 460w, http:\/\/www.rincondelbulla.cl\/portal\/wp-content\/uploads\/2013\/03\/d470244f18da1d2db8f761a254041a67-300x225.jpg 300w, http:\/\/www.rincondelbulla.cl\/portal\/wp-content\/uploads\/2013\/03\/d470244f18da1d2db8f761a254041a67-80x60.jpg 80w, http:\/\/www.rincondelbulla.cl\/portal\/wp-content\/uploads\/2013\/03\/d470244f18da1d2db8f761a254041a67-265x198.jpg 265w\" sizes=\"auto, (max-width: 460px) 100vw, 460px\" \/><figcaption id=\"caption-attachment-5002\" class=\"wp-caption-text\">Garc\u00e9s, una de las figuras de hoy<\/figcaption><\/figure>\n<p style=\"text-align: justify;\"><b><span style=\"font-family: 'Arial','sans-serif';\">Universidad de Chile volvi\u00f3 al triunfo. Esta vez en El salvador, los azules vencieron a Cobresal con un resultado de 1-3. El equipo de Franco retoma el terreno y escala posiciones en la tabla. A\u00fan sin mostrar un gran nivel y con equipo alternativo, al menos la U se trajo los tres puntos.<i><\/i><\/span><\/b><\/p>\n<p style=\"text-align: justify;\"><b><span style=\"font-family: 'Arial','sans-serif';\"> <!--more--> <\/span><\/b><\/p>\n<p style=\"text-align: justify;\"><span style=\"font-family: 'Arial','sans-serif';\">No hab\u00eda mucha convicci\u00f3n en el equipo, de hecho a\u00fan no la hay. Los azules no muestran un estilo de juego claro, mucho menos ofensivo y los resultados estaban a la vista. Sin embargo hoy, Universidad de Chile volvi\u00f3 al triunfo y derrot\u00f3 por 1 a 3 a Cobresal en el norte, escalando posiciones en la tabla y dando un respiro al t\u00e9cnico argentino.<\/span><\/p>\n<p style=\"text-align: justify;\"><span style=\"font-family: 'Arial','sans-serif';\">No se hizo un gran partido, eso est\u00e1 claro. Menos en el primer tiempo que fue exactamente igual al del partido de media semana frente a Wanderers, con mucha lucha en el mediocampo y sin llegadas claras de gol.<\/span><\/p>\n<p style=\"text-align: justify;\"><span style=\"font-family: 'Arial','sans-serif';\">Pero finalizando la primera parte, Contreras hizo respirar a los azules tras conectar un pase en profundidad de Maturana y dejando el 0-1. Gol sicol\u00f3gico le llaman algunos.<\/span><\/p>\n<p style=\"text-align: justify;\"><span style=\"font-family: 'Arial','sans-serif';\">En la segunda parte se vio una U un poco mejor. Buscando el nuevo gol y con llegadas algo m\u00e1s claras. Por eso no fue extra\u00f1o cuando Ubilla decret\u00f3 el 0-2 tras gran jugada personal y con un remate de distancia. <\/span><\/p>\n<p style=\"text-align: justify;\"><span style=\"font-family: 'Arial','sans-serif';\">Menos extra\u00f1o fue cuando el mismo Ubilla marc\u00f3 el 0-3 con un picot\u00f3n frente a la salida del portero. Partido liquidado a los 86 minutos.<\/span><\/p>\n<p style=\"text-align: justify;\"><span style=\"font-family: 'Arial','sans-serif';\">El gol de los locales s\u00f3lo fue para las cr\u00f3nicas. Cantero, tras error en defensa, decret\u00f3 el 1-3 definitivo.<\/span><\/p>\n<p style=\"text-align: justify;\"><span style=\"font-family: 'Arial','sans-serif';\">Para destacar, el coraz\u00f3n que ponen los juveniles al jugar, la calidad y revitalizaci\u00f3n de Marino y el gran portero que est\u00e1 tras Herrera, creo que la U es el \u00fanico equipo, al menos en Chile, que cuenta con dos arqueros de categor\u00eda superior al resto.<\/span><\/p>\n<p style=\"text-align: justify;\"><span style=\"font-family: 'Arial','sans-serif';\">Se gan\u00f3, pero a\u00fan quedan algunas dudas respecto al estilo de juego de Dar\u00edo Franco, es de esperar que tras este partido, por fin la U retome el rumbo y se logren cosas importantes para un equipo que lo merece m\u00e1s que ninguno.<\/span><\/p>\n","protected":false},"excerpt":{"rendered":"<p>Universidad de Chile volvi\u00f3 al triunfo. Esta vez en El salvador, los azules vencieron a Cobresal con un resultado de 1-3. El equipo de Franco retoma el terreno y escala posiciones en la tabla. A\u00fan sin mostrar un gran nivel y con equipo alternativo, al menos la U se trajo los tres puntos.<\/p>\n","protected":false},"author":57,"featured_media":5002,"comment_status":"open","ping_status":"open","sticky":false,"template":"","format":"standard","meta":{"footnotes":""},"categories":[18],"tags":[],"class_list":{"0":"post-3393","1":"post","2":"type-post","3":"status-publish","4":"format-standard","5":"has-post-thumbnail","7":"category-actualidad"},"_links":{"self":[{"href":"http:\/\/www.rincondelbulla.cl\/portal\/wp-json\/wp\/v2\/posts\/3393","targetHints":{"allow":["GET"]}}],"collection":[{"href":"http:\/\/www.rincondelbulla.cl\/portal\/wp-json\/wp\/v2\/posts"}],"about":[{"href":"http:\/\/www.rincondelbulla.cl\/portal\/wp-json\/wp\/v2\/types\/post"}],"author":[{"embeddable":true,"href":"http:\/\/www.rincondelbulla.cl\/portal\/wp-json\/wp\/v2\/users\/57"}],"replies":[{"embeddable":true,"href":"http:\/\/www.rincondelbulla.cl\/portal\/wp-json\/wp\/v2\/comments?post=3393"}],"version-history":[{"count":0,"href":"http:\/\/www.rincondelbulla.cl\/portal\/wp-json\/wp\/v2\/posts\/3393\/revisions"}],"wp:featuredmedia":[{"embeddable":true,"href":"http:\/\/www.rincondelbulla.cl\/portal\/wp-json\/wp\/v2\/media\/5002"}],"wp:attachment":[{"href":"http:\/\/www.rincondelbulla.cl\/portal\/wp-json\/wp\/v2\/media?parent=3393"}],"wp:term":[{"taxonomy":"category","embeddable":true,"href":"http:\/\/www.rincondelbulla.cl\/portal\/wp-json\/wp\/v2\/categories?post=3393"},{"taxonomy":"post_tag","embeddable":true,"href":"http:\/\/www.rincondelbulla.cl\/portal\/wp-json\/wp\/v2\/tags?post=3393"}],"curies":[{"name":"wp","href":"https:\/\/api.w.org\/{rel}","templated":true}]}}