{"id":3394,"date":"2013-03-05T10:36:12","date_gmt":"2013-03-05T10:36:12","guid":{"rendered":"http:\/\/www.rincondelbulla.cl\/portal\/?p=3394"},"modified":"2013-03-05T10:36:12","modified_gmt":"2013-03-05T10:36:12","slug":"la-previa-la-u-va-por-una-locura-en-el-estadio-parque-marcelo-bielsa","status":"publish","type":"post","link":"http:\/\/www.rincondelbulla.cl\/portal\/2013\/03\/05\/la-previa-la-u-va-por-una-locura-en-el-estadio-parque-marcelo-bielsa\/","title":{"rendered":"La Previa: La U va por una locura en el Estadio (parque) Marcelo Bielsa"},"content":{"rendered":"<p><img loading=\"lazy\" decoding=\"async\" class=\" size-full wp-image-5003\" src=\"http:\/\/www.rincondelbulla.cl\/portal\/wp-content\/uploads\/2013\/03\/54a4c4891173f445cf92599aaa0cd8f6.jpg\" alt=\"\" width=\"700\" height=\"396\" srcset=\"http:\/\/www.rincondelbulla.cl\/portal\/wp-content\/uploads\/2013\/03\/54a4c4891173f445cf92599aaa0cd8f6.jpg 700w, http:\/\/www.rincondelbulla.cl\/portal\/wp-content\/uploads\/2013\/03\/54a4c4891173f445cf92599aaa0cd8f6-300x170.jpg 300w, http:\/\/www.rincondelbulla.cl\/portal\/wp-content\/uploads\/2013\/03\/54a4c4891173f445cf92599aaa0cd8f6-696x394.jpg 696w\" sizes=\"auto, (max-width: 700px) 100vw, 700px\" \/><\/p>\n<p><strong>Hoy a partir de las 19:15 hrs, Universidad de Chile salatar\u00e1 al gramado del Estadio Marcelo Bielsa para enfrentar por la tercera fecha de la Copa Libertadores de Am\u00e9rica a Newell\u00b4s Old Boys. La U llega con tres puntos, al igual que su rival y todos los integrantes del grupo 7. <!--more--> <\/strong><span style=\"line-height: 1.3em;\">La U de Franco quiere retomar la senda del triunfo en el \u00e1mbito internacional, que mejor que hacerlo en una cancha compleja, como lo es el \u00abParque\u00bb rosarino que lleva el nombre en homenaje al otrora seleccionador de \u00abLa Roja\u00bb. Dificil, pero no imposible, en su partida a tierras trasandinas &nbsp;el rosarino estratega azul adelanto que Universidad de Chile tiene las condiciones de jugar de igual a igual ante \u00abLa Lepra\u00bb.<\/span><\/p>\n<p>A nivel Internaciona la U este a\u00f1o s\u00f3lo a disputado dos partidos oficiales, el primero frente a Deportivo Lara en donde el resultado fue una victoria azul por 2-0, sin embargo en su visita al Defensores del Chaco la cosa fue ditinta, una inapelable derrota po 3-0 ante Olimpia en donde el equippo azul mostr\u00f3 todas sus falencias, falta de finiquito, un juego confuso y errores \u00abinfantiles\u00bb en defensa.<\/p>\n<p>Si bien no es vital un triunfo azul, un resultado pos\u00edtivo servir\u00eda para tranqilizar las aguas y mantener intacta las opciones de clasifcar a segunda rueda.<\/p>\n<p>Dar\u00edo Franco har\u00e1 algunos cambios en la zaga universitaria,Albert Acevedo, como lateral derecho, Igor Lichnovsky, Jos\u00e9 Rojas y Eugenio Mena. En tal escenario la formaci\u00f3n azul asomar\u00eda de la siguiente manera: <strong>Johnny Herrera; Acevedo, Lichnovksy, Rojas, Mena; Charles Ar\u00e1nguiz, Sebasti\u00e1n Mart\u00ednez, Guillermo Marino; Sebasti\u00e1n Ubilla, Ram\u00f3n Fern\u00e1ndez y Gustavo Lorenzetti.<\/strong><\/p>\n<p>En tanto el cuadro \u00bb Leproso\u00bb, quien se ve con la obligaci\u00f3n de ganar en su casa, lo har\u00eda de la siguiente forma: <strong>Nahuel Guzm\u00e1n; Marcos C\u00e1ceres, Santiago Vergini, Gabriel Heinze, Milton Casco; Pablo P\u00e9rez, Hern\u00e1n Villalba, Victor Figueroa; Maximiliano Rodr\u00edguez, Mart\u00edn Tonso e Ignacio Scocco.<\/strong><\/p>\n<p><strong>\u00abLa Lepra\u00bb homenajear\u00e1 a Franco y Marino<\/strong><\/p>\n<p>En una ceremonia que se llevar\u00e1 a cabo el d\u00eda de hoy, la dirigencia de Newell\u00b4s Old Boy homenajear\u00e1 a dos miembros del equipo azul, se trata del actual Director T\u00e9cnico Dar\u00edo Franco y el medio campista Guillermo Marino.<\/p>\n<p>A ambos se les entregar\u00e1 un carnet de socio honorario de \u00abLos Leprosos\u00bb, ya que hoy se cumplen 13 a\u00f1os desde que Guillermo Marino debutara como futbolitas profesional vistiendo los colores de Newell&#8217;s. A Franco lo condecorar\u00e1n, tambi\u00e9n, por haber debutado con los colores Rojinegro, ambos homenajeados salieron campoenoes con Newell&#8217;s.<\/p>\n<p>Ya lo saben azules, el encuentro est\u00e1 programado para las 19:15 hrs, en el Estadio Marcelo Bielsa y ser\u00e1 dirigido por el brasile\u00f1o Paulo C\u00e9sar De Oliveira. Todos los detalles y el minuto a minuto lo podr\u00e1sseguir en el facebook oficial de Rincon del Bulla, <a href=\"https:\/\/www.facebook.com\/rincondelbulla.cl.\">https:\/\/www.facebook.com\/rincondelbulla.cl.<\/a><\/p>\n<p>\u00a1\u00a1\u00a1Vamos Leones!!!<\/p>\n","protected":false},"excerpt":{"rendered":"<p>Hoy a partir de las 19:15 hrs, Universidad de Chile salatar\u00e1 al gramado del Estadio Marcelo Bielsa para enfrentar por la tercera fecha de la Copa Libertadores de Am\u00e9rica a Newell\u00b4s Old Boys. La U llega con tres puntos, al igual que su rival y todos los integrantes del grupo 7.<\/p>\n","protected":false},"author":56,"featured_media":5003,"comment_status":"open","ping_status":"open","sticky":false,"template":"","format":"standard","meta":{"footnotes":""},"categories":[18],"tags":[],"class_list":{"0":"post-3394","1":"post","2":"type-post","3":"status-publish","4":"format-standard","5":"has-post-thumbnail","7":"category-actualidad"},"_links":{"self":[{"href":"http:\/\/www.rincondelbulla.cl\/portal\/wp-json\/wp\/v2\/posts\/3394","targetHints":{"allow":["GET"]}}],"collection":[{"href":"http:\/\/www.rincondelbulla.cl\/portal\/wp-json\/wp\/v2\/posts"}],"about":[{"href":"http:\/\/www.rincondelbulla.cl\/portal\/wp-json\/wp\/v2\/types\/post"}],"author":[{"embeddable":true,"href":"http:\/\/www.rincondelbulla.cl\/portal\/wp-json\/wp\/v2\/users\/56"}],"replies":[{"embeddable":true,"href":"http:\/\/www.rincondelbulla.cl\/portal\/wp-json\/wp\/v2\/comments?post=3394"}],"version-history":[{"count":0,"href":"http:\/\/www.rincondelbulla.cl\/portal\/wp-json\/wp\/v2\/posts\/3394\/revisions"}],"wp:featuredmedia":[{"embeddable":true,"href":"http:\/\/www.rincondelbulla.cl\/portal\/wp-json\/wp\/v2\/media\/5003"}],"wp:attachment":[{"href":"http:\/\/www.rincondelbulla.cl\/portal\/wp-json\/wp\/v2\/media?parent=3394"}],"wp:term":[{"taxonomy":"category","embeddable":true,"href":"http:\/\/www.rincondelbulla.cl\/portal\/wp-json\/wp\/v2\/categories?post=3394"},{"taxonomy":"post_tag","embeddable":true,"href":"http:\/\/www.rincondelbulla.cl\/portal\/wp-json\/wp\/v2\/tags?post=3394"}],"curies":[{"name":"wp","href":"https:\/\/api.w.org\/{rel}","templated":true}]}}