{"id":3399,"date":"2013-03-09T23:43:32","date_gmt":"2013-03-09T23:43:32","guid":{"rendered":"http:\/\/www.rincondelbulla.cl\/portal\/?p=3399"},"modified":"2013-03-09T23:43:32","modified_gmt":"2013-03-09T23:43:32","slug":"la-u-alternativa-mantuvo-la-racha-y-sumo-tres-puntos-vitales","status":"publish","type":"post","link":"http:\/\/www.rincondelbulla.cl\/portal\/2013\/03\/09\/la-u-alternativa-mantuvo-la-racha-y-sumo-tres-puntos-vitales\/","title":{"rendered":"La U \u00abalternativa\u00bb mantuvo la racha y sum\u00f3 tres puntos vitales"},"content":{"rendered":"<figure id=\"attachment_5008\" aria-describedby=\"caption-attachment-5008\" style=\"width: 960px\" class=\"wp-caption alignnone\"><img loading=\"lazy\" decoding=\"async\" class=\" size-full wp-image-5008\" src=\"http:\/\/www.rincondelbulla.cl\/portal\/wp-content\/uploads\/2013\/03\/7fd8400c27493954595647bddf7d3d9f.jpg\" alt=\"Foto: Patricio Gonz\u00e1lez rincondelbulla.cl\" class=\"caption\" title=\"D\u00edaz, autor del segundo gol\" width=\"960\" height=\"640\" srcset=\"http:\/\/www.rincondelbulla.cl\/portal\/wp-content\/uploads\/2013\/03\/7fd8400c27493954595647bddf7d3d9f.jpg 960w, http:\/\/www.rincondelbulla.cl\/portal\/wp-content\/uploads\/2013\/03\/7fd8400c27493954595647bddf7d3d9f-300x200.jpg 300w, http:\/\/www.rincondelbulla.cl\/portal\/wp-content\/uploads\/2013\/03\/7fd8400c27493954595647bddf7d3d9f-768x512.jpg 768w, http:\/\/www.rincondelbulla.cl\/portal\/wp-content\/uploads\/2013\/03\/7fd8400c27493954595647bddf7d3d9f-696x464.jpg 696w, http:\/\/www.rincondelbulla.cl\/portal\/wp-content\/uploads\/2013\/03\/7fd8400c27493954595647bddf7d3d9f-630x420.jpg 630w\" sizes=\"auto, (max-width: 960px) 100vw, 960px\" \/><figcaption id=\"caption-attachment-5008\" class=\"wp-caption-text\">D\u00edaz, autor del segundo gol<\/figcaption><\/figure>\n<p style=\"text-align: justify;\"><b><span style=\"font-family: 'Arial','sans-serif';\">Universidad de Chile extendi\u00f3 su racha ganadora. Esta vez venci\u00f3 por 2 goles a 0 a Iquique en el estadio Santa Laura, los azules dominaron un partido frente a un rival que no inquiet\u00f3 mucho pero que tuvo algunas cosas. El equipo \u201calternativo\u201d de Franco cumpli\u00f3, nuevamente, y sum\u00f3 tres puntos vitales para seguir en carrera. <!--more--> <\/span><\/b><span style=\"font-family: Arial, sans-serif; line-height: 1.3em;\">La U volvi\u00f3 a ganar por el Torneo nacional. Eso es bueno, siempre ser\u00e1 bueno ganar. Los azules sumaron 3 puntos vitales para seguir en carrera y ponerle presi\u00f3n a quienes est\u00e1n m\u00e1s arriba.<\/span><\/p>\n<p style=\"text-align: justify;\"><span style=\"font-family: 'Arial','sans-serif';\">En un partido que fue, casi por completo, dominado por Universidad de Chile, el cuadro \u201calternativo\u201d que puso en cancha Dar\u00edo Franco cumpli\u00f3 y cumpli\u00f3 muy bien. Y si viene s cierto hasta los descuentos la U lo ganaba por la m\u00ednima y con lo justo nunca se vio en peligro real de que el partido se le escapara de las manos.<\/span><\/p>\n<p style=\"text-align: justify;\"><span style=\"font-family: 'Arial','sans-serif';\">Mostrando solidez defensiva, acompa\u00f1ados por un tremendo portero como es Garc\u00e9s, los azules manten\u00edan un equilibrio vital durante el juego, ya que el joven Maturana y Fern\u00e1ndez dominaban el medio terreno creando f\u00fatbol y jugadas de peligro.<\/span><\/p>\n<p style=\"text-align: justify;\"><span style=\"font-family: 'Arial','sans-serif';\">En ataque faltaba algo, pero con el apoyo de un inspirado Cereceda, una de las figuras de la cancha, la ofensiva poco a poco fue creando m\u00e1s peligro para el p\u00f3rtico rival.<\/span><\/p>\n<p style=\"text-align: justify;\"><span style=\"font-family: 'Arial','sans-serif';\">Por eso no fue extra\u00f1o que, quiz\u00e1s sin avisar mucho, se abriera la cuenta para el local. En el minuto 20 Maturana filtrara un pase entre los defensores para que C\u00e9sar Cort\u00e9s anotara el 1-0 en un gol muy parecido al que le hizo a Audax Italiano. La U ganaba y ya empezaba a controlarlo.<\/span><\/p>\n<p style=\"text-align: justify;\"><span style=\"font-family: 'Arial','sans-serif';\">En el segundo lapso se pudo ver un juego m\u00e1s disputado, pero insisto en que el triunfo nunca peligr\u00f3. Iquique lleg\u00f3 un par de veces o remat\u00f3 de distancia pero siempre se encontr\u00f3 con la solidez de Garc\u00e9s.<\/span><\/p>\n<p style=\"text-align: justify;\"><span style=\"font-family: 'Arial','sans-serif';\">Cuando se jugaban los descuentos, Isaac D\u00edaz, que hab\u00eda ingresado poco antes, aprovech\u00f3 un error defensivo, super\u00f3 al portero Naranjo e ingres\u00f3 casi hasta las redes mismas con el bal\u00f3n. 2-0 y el partido ya terminaba.<\/span><\/p>\n<p style=\"text-align: justify;\"><span style=\"font-family: 'Arial','sans-serif';\">Como conclusiones se puede sacar en limpio que hay plantel. Que los j\u00f3venes azules tienen las ganas y saben d\u00f3nde est\u00e1n, que los que no son tan j\u00f3venes pero est\u00e1n relegados por los titulares pueden y tienen las condiciones de estar en la U.<\/span><\/p>\n<p style=\"text-align: justify;\"><span style=\"font-family: 'Arial','sans-serif';\">La U ya est\u00e1 en 13 puntos y asecha a los punteros. <\/span><\/p>\n<p style=\"text-align: justify;\"><span style=\"font-family: 'Arial','sans-serif';\">Se mantiene la racha ganadora y, tal vez sin mostrar un juego espectacular como la primera media hora en Rosario, el \u00e1nimo del plantel est\u00e1 alto, tan alto como el de Dar\u00edo Franco, quien ha sido cuestionado por muchos (me incluyo) pero que, poco a poco, al menos ya est\u00e1 consiguiendo resultados. <\/span><\/p>\n","protected":false},"excerpt":{"rendered":"<p>Universidad de Chile extendi\u00f3 su racha ganadora. Esta vez venci\u00f3 por 2 goles a 0 a Iquique en el estadio Santa Laura, los azules dominaron un partido frente a un rival que no inquiet\u00f3 mucho pero que tuvo algunas cosas. El equipo \u201calternativo\u201d de Franco cumpli\u00f3, nuevamente, y sum\u00f3 tres puntos vitales para seguir en [&#8230;]<\/p>\n","protected":false},"author":57,"featured_media":5008,"comment_status":"open","ping_status":"open","sticky":false,"template":"","format":"standard","meta":{"footnotes":""},"categories":[18],"tags":[],"class_list":{"0":"post-3399","1":"post","2":"type-post","3":"status-publish","4":"format-standard","5":"has-post-thumbnail","7":"category-actualidad"},"_links":{"self":[{"href":"http:\/\/www.rincondelbulla.cl\/portal\/wp-json\/wp\/v2\/posts\/3399","targetHints":{"allow":["GET"]}}],"collection":[{"href":"http:\/\/www.rincondelbulla.cl\/portal\/wp-json\/wp\/v2\/posts"}],"about":[{"href":"http:\/\/www.rincondelbulla.cl\/portal\/wp-json\/wp\/v2\/types\/post"}],"author":[{"embeddable":true,"href":"http:\/\/www.rincondelbulla.cl\/portal\/wp-json\/wp\/v2\/users\/57"}],"replies":[{"embeddable":true,"href":"http:\/\/www.rincondelbulla.cl\/portal\/wp-json\/wp\/v2\/comments?post=3399"}],"version-history":[{"count":0,"href":"http:\/\/www.rincondelbulla.cl\/portal\/wp-json\/wp\/v2\/posts\/3399\/revisions"}],"wp:featuredmedia":[{"embeddable":true,"href":"http:\/\/www.rincondelbulla.cl\/portal\/wp-json\/wp\/v2\/media\/5008"}],"wp:attachment":[{"href":"http:\/\/www.rincondelbulla.cl\/portal\/wp-json\/wp\/v2\/media?parent=3399"}],"wp:term":[{"taxonomy":"category","embeddable":true,"href":"http:\/\/www.rincondelbulla.cl\/portal\/wp-json\/wp\/v2\/categories?post=3399"},{"taxonomy":"post_tag","embeddable":true,"href":"http:\/\/www.rincondelbulla.cl\/portal\/wp-json\/wp\/v2\/tags?post=3399"}],"curies":[{"name":"wp","href":"https:\/\/api.w.org\/{rel}","templated":true}]}}