{"id":3401,"date":"2013-03-13T02:42:03","date_gmt":"2013-03-13T02:42:03","guid":{"rendered":"http:\/\/www.rincondelbulla.cl\/portal\/?p=3401"},"modified":"2013-03-13T02:42:03","modified_gmt":"2013-03-13T02:42:03","slug":"dura-caida-del-leon-en-copa-libertadores","status":"publish","type":"post","link":"http:\/\/www.rincondelbulla.cl\/portal\/2013\/03\/13\/dura-caida-del-leon-en-copa-libertadores\/","title":{"rendered":"Dura ca\u00edda del Le\u00f3n en Copa Libertadores"},"content":{"rendered":"<figure id=\"attachment_5010\" aria-describedby=\"caption-attachment-5010\" style=\"width: 407px\" class=\"wp-caption alignnone\"><img loading=\"lazy\" decoding=\"async\" class=\" size-full wp-image-5010\" src=\"http:\/\/www.rincondelbulla.cl\/portal\/wp-content\/uploads\/2013\/03\/49b2c950ce9e2f049e3aeda26c14e05f.jpg\" alt=\"Foto: Agencia UNO\" class=\"caption\" title=\"La U sufri\u00f3 una dolorosa ca\u00edda\" width=\"407\" height=\"305\" srcset=\"http:\/\/www.rincondelbulla.cl\/portal\/wp-content\/uploads\/2013\/03\/49b2c950ce9e2f049e3aeda26c14e05f.jpg 407w, http:\/\/www.rincondelbulla.cl\/portal\/wp-content\/uploads\/2013\/03\/49b2c950ce9e2f049e3aeda26c14e05f-300x225.jpg 300w, http:\/\/www.rincondelbulla.cl\/portal\/wp-content\/uploads\/2013\/03\/49b2c950ce9e2f049e3aeda26c14e05f-80x60.jpg 80w, http:\/\/www.rincondelbulla.cl\/portal\/wp-content\/uploads\/2013\/03\/49b2c950ce9e2f049e3aeda26c14e05f-265x198.jpg 265w\" sizes=\"auto, (max-width: 407px) 100vw, 407px\" \/><figcaption id=\"caption-attachment-5010\" class=\"wp-caption-text\">La U sufri\u00f3 una dolorosa ca\u00edda<\/figcaption><\/figure>\n<p style=\"text-align: justify;\"><b><span style=\"font-family: 'Arial','sans-serif';\">El equipo de Dar\u00edo Franco cay\u00f3 por 0-2 ante Newell\u2019s de Rosario. Los azules confirman la irregularidad exhibida durante el a\u00f1o y de paso dejan al equipo sin margen de error para lo que queda: Olimpia en Santiago y Deportivo Lara en Venezuela. Dura ca\u00edda de los azules quienes ven\u00edan remontando un a\u00f1o dif\u00edcil.<i><\/i><\/span><\/b><\/p>\n<p style=\"text-align: justify;\"><b><span style=\"font-family: 'Arial','sans-serif';\"> <!--more--> <\/span><\/b><\/p>\n<p style=\"text-align: justify;\"><span style=\"font-family: 'Arial','sans-serif';\">Universidad de Chile entraba a la cancha del Nacional con la tranquilidad de haber ganado en Argentina y con la tensa calma de saber que si se ganaba, la clasificaci\u00f3n a segunda ronda de Copa Libertadores estaba casi asegurada.<\/span><\/p>\n<p style=\"text-align: justify;\"><span style=\"font-family: 'Arial','sans-serif';\">Sin embargo, en un partido que parec\u00eda dominado por la U, con toque claro y llegadas profundas, los azules cayeron ante los rosarinos y dejaron toda la presi\u00f3n para lo poco que queda: Olimpia como local y Deportivo Lara como visitante.<\/span><\/p>\n<p style=\"text-align: justify;\"><span style=\"font-family: 'Arial','sans-serif';\">Si bien es cierto el cuadro rojinegro abri\u00f3 el marcador, relativamente, temprano, la insistencia en ataque de la U hac\u00eda pensar que el empate llegaba, en alg\u00fan momento pero llegaba. Pero nada de eso. Con la figura del portero rival agigantada, la poca fineza en el finiquito y, a m\u00ed gusto, el error del t\u00e9cnico en los cambios (no debi\u00f3 salir Isaac D\u00edaz) hicieron que el partido se complicara.<\/span><\/p>\n<p style=\"text-align: justify;\"><span style=\"font-family: 'Arial','sans-serif';\">S\u00ed, porque a los 19\u2019 Rodr\u00edguez clav\u00f3 la primera estocada, aunque fue casi un accidente. Remate desviado de Scocco y Rodr\u00edguez entra solo en el segundo palo para decretar el 0-1. La U no hac\u00eda un mal partido. De hecho hasta el minuto 19 los azules podr\u00edan haber abierto la cuenta y a nadie le hubiera extra\u00f1ado. <\/span><\/p>\n<p style=\"text-align: justify;\"><span style=\"font-family: 'Arial','sans-serif';\">Y los azules siguieron buscando. Tanto as\u00ed que al terminar el primer tiempo hubo opciones de empatar que no fueron capitalizadas y no solamente con m\u00e1s ganas que f\u00fatbol, como se dice, sino que con ambas cosas.<\/span><\/p>\n<p style=\"text-align: justify;\"><span style=\"font-family: 'Arial','sans-serif';\">Comenzaba la segunda parte y se ve\u00edan algunos errores defensivos, pero nada que hiciera intranquilizarse a los hinchas, salvo el reloj.<\/span><\/p>\n<p style=\"text-align: justify;\"><span style=\"font-family: 'Arial','sans-serif';\">La U segu\u00eda buscando, quiz\u00e1s ahora s\u00ed con m\u00e1s ganas que f\u00fatbol pero intentaba. Tal vez la salida de D\u00edaz le quit\u00f3 algo de peso ofensivo y dej\u00f3 algo solitario a Ubilla quien hizo un partido m\u00e1s que destacable.<\/span><\/p>\n<p style=\"text-align: justify;\"><span style=\"font-family: 'Arial','sans-serif';\">Y as\u00ed fue como terminando el duelo, en el minuto 83, Casco centr\u00f3 desde la izquierda, Lichnovsky cabece\u00f3, defectuosamente, un bal\u00f3n que pod\u00eda haber sido controlado en defensa y el rebote fue tomado por Tonso, quien sac\u00f3 un remate bombeado que dej\u00f3 sin opciones a Herrera. Quedaban 7\u2019 y el 0-2 sepultaba toda ilusi\u00f3n de una remontada.<\/span><\/p>\n<p style=\"text-align: justify;\"><span style=\"font-family: 'Arial','sans-serif';\">En el minuto 90 la U lo tuvo, pero dos palos, el arquero y un defensa ayudaron para dejar en 0 el arco rival.<\/span><\/p>\n<p style=\"text-align: justify;\"><span style=\"font-family: 'Arial','sans-serif';\">Se perdi\u00f3 pero ojo, esta vez no se jug\u00f3 tan mal. No estamos eliminados, a\u00fan quedan dos batallas por luchar pero el resultado de hoy deja al equipo sin mucho margen de error para lo que viene.<\/span><\/p>\n","protected":false},"excerpt":{"rendered":"<p>El equipo de Dar\u00edo Franco cay\u00f3 por 0-2 ante Newell\u2019s de Rosario. Los azules confirman la irregularidad exhibida durante el a\u00f1o y de paso dejan al equipo sin margen de error para lo que queda: Olimpia en Santiago y Deportivo Lara en Venezuela. Dura ca\u00edda de los azules quienes ven\u00edan remontando un a\u00f1o dif\u00edcil.<\/p>\n","protected":false},"author":57,"featured_media":5010,"comment_status":"open","ping_status":"open","sticky":false,"template":"","format":"standard","meta":{"footnotes":""},"categories":[18],"tags":[],"class_list":{"0":"post-3401","1":"post","2":"type-post","3":"status-publish","4":"format-standard","5":"has-post-thumbnail","7":"category-actualidad"},"_links":{"self":[{"href":"http:\/\/www.rincondelbulla.cl\/portal\/wp-json\/wp\/v2\/posts\/3401","targetHints":{"allow":["GET"]}}],"collection":[{"href":"http:\/\/www.rincondelbulla.cl\/portal\/wp-json\/wp\/v2\/posts"}],"about":[{"href":"http:\/\/www.rincondelbulla.cl\/portal\/wp-json\/wp\/v2\/types\/post"}],"author":[{"embeddable":true,"href":"http:\/\/www.rincondelbulla.cl\/portal\/wp-json\/wp\/v2\/users\/57"}],"replies":[{"embeddable":true,"href":"http:\/\/www.rincondelbulla.cl\/portal\/wp-json\/wp\/v2\/comments?post=3401"}],"version-history":[{"count":0,"href":"http:\/\/www.rincondelbulla.cl\/portal\/wp-json\/wp\/v2\/posts\/3401\/revisions"}],"wp:featuredmedia":[{"embeddable":true,"href":"http:\/\/www.rincondelbulla.cl\/portal\/wp-json\/wp\/v2\/media\/5010"}],"wp:attachment":[{"href":"http:\/\/www.rincondelbulla.cl\/portal\/wp-json\/wp\/v2\/media?parent=3401"}],"wp:term":[{"taxonomy":"category","embeddable":true,"href":"http:\/\/www.rincondelbulla.cl\/portal\/wp-json\/wp\/v2\/categories?post=3401"},{"taxonomy":"post_tag","embeddable":true,"href":"http:\/\/www.rincondelbulla.cl\/portal\/wp-json\/wp\/v2\/tags?post=3401"}],"curies":[{"name":"wp","href":"https:\/\/api.w.org\/{rel}","templated":true}]}}