{"id":3402,"date":"2013-03-13T13:06:54","date_gmt":"2013-03-13T13:06:54","guid":{"rendered":"http:\/\/www.rincondelbulla.cl\/portal\/?p=3402"},"modified":"2013-03-13T13:06:54","modified_gmt":"2013-03-13T13:06:54","slug":"seis-azules-nomidos-a-la-seleccion-para-los-proximos-duelos-clasificatorios","status":"publish","type":"post","link":"http:\/\/www.rincondelbulla.cl\/portal\/2013\/03\/13\/seis-azules-nomidos-a-la-seleccion-para-los-proximos-duelos-clasificatorios\/","title":{"rendered":"Seis azules nominados a la Selecci\u00f3n para los pr\u00f3ximos duelos clasificatorios"},"content":{"rendered":"<figure id=\"attachment_5011\" aria-describedby=\"caption-attachment-5011\" style=\"width: 960px\" class=\"wp-caption alignnone\"><img loading=\"lazy\" decoding=\"async\" class=\" size-full wp-image-5011\" src=\"http:\/\/www.rincondelbulla.cl\/portal\/wp-content\/uploads\/2013\/03\/287471b969996fded0a79e9ca206d5e5.jpg\" alt=\"\" class=\"caption\" title=\"Foto: Patricio Gonz\u00e1les\" width=\"960\" height=\"640\" srcset=\"http:\/\/www.rincondelbulla.cl\/portal\/wp-content\/uploads\/2013\/03\/287471b969996fded0a79e9ca206d5e5.jpg 960w, http:\/\/www.rincondelbulla.cl\/portal\/wp-content\/uploads\/2013\/03\/287471b969996fded0a79e9ca206d5e5-300x200.jpg 300w, http:\/\/www.rincondelbulla.cl\/portal\/wp-content\/uploads\/2013\/03\/287471b969996fded0a79e9ca206d5e5-768x512.jpg 768w, http:\/\/www.rincondelbulla.cl\/portal\/wp-content\/uploads\/2013\/03\/287471b969996fded0a79e9ca206d5e5-696x464.jpg 696w, http:\/\/www.rincondelbulla.cl\/portal\/wp-content\/uploads\/2013\/03\/287471b969996fded0a79e9ca206d5e5-630x420.jpg 630w\" sizes=\"auto, (max-width: 960px) 100vw, 960px\" \/><figcaption id=\"caption-attachment-5011\" class=\"wp-caption-text\">Foto: Patricio Gonz\u00e1les<\/figcaption><\/figure>\n<p><strong>Se complet\u00f3 el listado de juagadores que ser\u00e1n parte de la Selecci\u00f3n Nacional con miras a los pr\u00f3ximos duelos clasificatorios, Jorge Sampaoli nomin\u00f3 a seis de sus ex dirigidos.<\/strong><\/p>\n<p>  <!--more-->  <\/p>\n<p><span style=\"line-height: 1.3em;\">La Asociaci\u00f3n de F\u00fatbol Profesional (ANFP) dio a conocer la n\u00f3mina oficial con los jugadores de Universidad de Chile seleccionados por Jorge Sampaoli para los pr\u00f3ximos duelos clasificatorios frente a Per\u00fa y Uruguay con miras al Mundial de Brasil 2014.<\/span><\/p>\n<p>&nbsp;<\/p>\n<p>Seis son en definitva los jugadores azules seleccionados por el Casildense para integrar la Roja, estos son:<\/p>\n<p><strong>&#8211; Johnny Herrera<\/strong><br \/><strong>&#8211; Charles Ar\u00e1nguiz<\/strong><br \/><strong>&#8211; Eugenio Mena<\/strong><br \/><strong>&#8211; Jos\u00e9 Rojas<\/strong><br \/><strong>&#8211; Sebasti\u00e1n Mart\u00ednez <\/strong><br \/><strong>&#8211; Albert Acevedo<\/strong><\/p>\n<p>Seg\u00fan inform\u00f3 el Club Universidad de Chile, los jugadores ser\u00e1n liberados a la selecci\u00f3n una vez conclu\u00eddo el duelo v\u00e1lido por la octava fecha del Campeonato de Transici\u00f3n 2013 frente a Uni\u00f3n Calera en el Estadio Lucio Fari\u00f1a de Quillota este s\u00e1bado.<\/p>\n<p>De ser as\u00ed los jugadores azules no estar\u00edan disponibles para jugar en la novena fecha frente al puntero Cobreloa, lo que m\u00e1s de un dolor de cabeza le traer\u00e1 al t\u00e9cnico azul Dario Franco.<\/p>\n","protected":false},"excerpt":{"rendered":"<p>Se complet\u00f3 el listado de juagadores que ser\u00e1n parte de la Selecci\u00f3n Nacional con miras a los pr\u00f3ximos duelos clasificatorios, Jorge Sampaoli nomin\u00f3 a seis de sus ex dirigidos.<\/p>\n","protected":false},"author":56,"featured_media":5011,"comment_status":"open","ping_status":"open","sticky":false,"template":"","format":"standard","meta":{"footnotes":""},"categories":[18],"tags":[],"class_list":{"0":"post-3402","1":"post","2":"type-post","3":"status-publish","4":"format-standard","5":"has-post-thumbnail","7":"category-actualidad"},"_links":{"self":[{"href":"http:\/\/www.rincondelbulla.cl\/portal\/wp-json\/wp\/v2\/posts\/3402","targetHints":{"allow":["GET"]}}],"collection":[{"href":"http:\/\/www.rincondelbulla.cl\/portal\/wp-json\/wp\/v2\/posts"}],"about":[{"href":"http:\/\/www.rincondelbulla.cl\/portal\/wp-json\/wp\/v2\/types\/post"}],"author":[{"embeddable":true,"href":"http:\/\/www.rincondelbulla.cl\/portal\/wp-json\/wp\/v2\/users\/56"}],"replies":[{"embeddable":true,"href":"http:\/\/www.rincondelbulla.cl\/portal\/wp-json\/wp\/v2\/comments?post=3402"}],"version-history":[{"count":0,"href":"http:\/\/www.rincondelbulla.cl\/portal\/wp-json\/wp\/v2\/posts\/3402\/revisions"}],"wp:featuredmedia":[{"embeddable":true,"href":"http:\/\/www.rincondelbulla.cl\/portal\/wp-json\/wp\/v2\/media\/5011"}],"wp:attachment":[{"href":"http:\/\/www.rincondelbulla.cl\/portal\/wp-json\/wp\/v2\/media?parent=3402"}],"wp:term":[{"taxonomy":"category","embeddable":true,"href":"http:\/\/www.rincondelbulla.cl\/portal\/wp-json\/wp\/v2\/categories?post=3402"},{"taxonomy":"post_tag","embeddable":true,"href":"http:\/\/www.rincondelbulla.cl\/portal\/wp-json\/wp\/v2\/tags?post=3402"}],"curies":[{"name":"wp","href":"https:\/\/api.w.org\/{rel}","templated":true}]}}