{"id":3405,"date":"2013-03-16T01:07:31","date_gmt":"2013-03-16T01:07:31","guid":{"rendered":"http:\/\/www.rincondelbulla.cl\/portal\/?p=3405"},"modified":"2013-03-16T01:07:31","modified_gmt":"2013-03-16T01:07:31","slug":"franco-se-molesto-con-las-nominaciones","status":"publish","type":"post","link":"http:\/\/www.rincondelbulla.cl\/portal\/2013\/03\/16\/franco-se-molesto-con-las-nominaciones\/","title":{"rendered":"Franco se molest\u00f3 con las nominaciones"},"content":{"rendered":"<figure id=\"attachment_5014\" aria-describedby=\"caption-attachment-5014\" style=\"width: 960px\" class=\"wp-caption alignnone\"><img loading=\"lazy\" decoding=\"async\" class=\" size-full wp-image-5014\" src=\"http:\/\/www.rincondelbulla.cl\/portal\/wp-content\/uploads\/2013\/03\/dfda77a576f70370c7645f6d5077e53e.jpg\" alt=\"\" class=\"caption\" title=\"Foto: Patricio Gonz\u00e1les\" width=\"960\" height=\"640\" srcset=\"http:\/\/www.rincondelbulla.cl\/portal\/wp-content\/uploads\/2013\/03\/dfda77a576f70370c7645f6d5077e53e.jpg 960w, http:\/\/www.rincondelbulla.cl\/portal\/wp-content\/uploads\/2013\/03\/dfda77a576f70370c7645f6d5077e53e-300x200.jpg 300w, http:\/\/www.rincondelbulla.cl\/portal\/wp-content\/uploads\/2013\/03\/dfda77a576f70370c7645f6d5077e53e-768x512.jpg 768w, http:\/\/www.rincondelbulla.cl\/portal\/wp-content\/uploads\/2013\/03\/dfda77a576f70370c7645f6d5077e53e-696x464.jpg 696w, http:\/\/www.rincondelbulla.cl\/portal\/wp-content\/uploads\/2013\/03\/dfda77a576f70370c7645f6d5077e53e-630x420.jpg 630w\" sizes=\"auto, (max-width: 960px) 100vw, 960px\" \/><figcaption id=\"caption-attachment-5014\" class=\"wp-caption-text\">Foto: Patricio Gonz\u00e1les<\/figcaption><\/figure>\n<p><strong>El t\u00e9cnico azul no esperaba que fueran tantos los convocados por Sampaoli para enfrentar los duelos por las clasificatorias al Mundial de Brasil 2014, tamb\u00e9n aclar\u00f3 el tema Ram\u00f3n Fern\u00e1ndez.<\/strong> <!--more--> <span style=\"line-height: 1.3em;\">La derrota ante Newell\u2019s por la Copa Libertadores y la convocatoria de seis de sus jugadores son los problemas que rondan en la cabeza del t\u00e9cnico de Universidad de Chile. A ellos se sumar\u00edan los nominados a la Sub 20, lo que deja muy despotenciado al t\u00e9cnico de la &#8216;U&#8217; con miras a las semifinales de Copa Chile ante Uni\u00f3n Espa\u00f1ola.<\/span><\/p>\n<p><strong>\u00abNo esperaba que fueran tantos seleccionados, teniendo en cuenta que s\u00e9 que Sampaoli piensa que los debe citar. Uno est\u00e1 contento de la n\u00f3mina, pero tambi\u00e9n necesito lo mejor para mi equipo. Esto complica el trabajo, sab\u00edamos que algunos iban a ser citados, pero no tantos. Tendremos que acomodarnos, pero eso tambi\u00e9n da la oportunidad de ver a otros chicos que no hemos podido observar\u00bb<\/strong>, apunt\u00f3 el DT.<\/p>\n<p><strong>En cuanto a los dichos de Ram\u00f3n Fern\u00e1ndez<\/strong>, quien sostuvo que Franco no conf\u00eda en \u00e9l, el estratega coment\u00f3 que <strong>\u00abes bueno, pero puede dar mucho m\u00e1s. Yo creo que no ha sido constante y no lo veo como yo quisiera, pero ahora tendremos tiempo para poder trabajar cosas espec\u00edficas\u00bb.<\/strong><\/p>\n<p>La derrota de la &#8216;U&#8217; en la Copa Libertadores complic\u00f3 sus posibilidades de avanzar, aunque el rosarino apunt\u00f3 que <strong>\u00absigo pensando que todo esto se va a definir en Venezuela, as\u00ed que no tengo m\u00e1s nada que decir al respecto. Hay que preparar de la mejor manera el partido clave ante Olimpia\u00bb.<\/strong><\/p>\n<p><strong>Sobre el encuentro ante La Calera<\/strong> (s\u00e1bado a las 16:00 en Quillota), el ex DT de Instituto concluy\u00f3 que <strong>\u00abestamos muy bien y con ganas de disputar el partido, nos hemos recuperado del encuentro ante Newell\u2019s. Ahora tenemos la esperanza de ganar y de realizar un buen trabajo para irnos al receso con un triunfo\u00bb.<\/strong><\/p>\n<p><strong>&nbsp;<\/strong><\/p>\n<p><strong>Fuente: Prensa F\u00fatbol<\/strong><\/p>\n","protected":false},"excerpt":{"rendered":"<p>El t\u00e9cnico azul no esperaba que fueran tantos los convocados por Sampaoli para enfrentar los duelos por las clasificatorias al Mundial de Brasil 2014, tamb\u00e9n aclar\u00f3 el tema Ram\u00f3n Fern\u00e1ndez.<\/p>\n","protected":false},"author":56,"featured_media":5014,"comment_status":"open","ping_status":"open","sticky":false,"template":"","format":"standard","meta":{"footnotes":""},"categories":[18],"tags":[],"class_list":{"0":"post-3405","1":"post","2":"type-post","3":"status-publish","4":"format-standard","5":"has-post-thumbnail","7":"category-actualidad"},"_links":{"self":[{"href":"http:\/\/www.rincondelbulla.cl\/portal\/wp-json\/wp\/v2\/posts\/3405","targetHints":{"allow":["GET"]}}],"collection":[{"href":"http:\/\/www.rincondelbulla.cl\/portal\/wp-json\/wp\/v2\/posts"}],"about":[{"href":"http:\/\/www.rincondelbulla.cl\/portal\/wp-json\/wp\/v2\/types\/post"}],"author":[{"embeddable":true,"href":"http:\/\/www.rincondelbulla.cl\/portal\/wp-json\/wp\/v2\/users\/56"}],"replies":[{"embeddable":true,"href":"http:\/\/www.rincondelbulla.cl\/portal\/wp-json\/wp\/v2\/comments?post=3405"}],"version-history":[{"count":0,"href":"http:\/\/www.rincondelbulla.cl\/portal\/wp-json\/wp\/v2\/posts\/3405\/revisions"}],"wp:featuredmedia":[{"embeddable":true,"href":"http:\/\/www.rincondelbulla.cl\/portal\/wp-json\/wp\/v2\/media\/5014"}],"wp:attachment":[{"href":"http:\/\/www.rincondelbulla.cl\/portal\/wp-json\/wp\/v2\/media?parent=3405"}],"wp:term":[{"taxonomy":"category","embeddable":true,"href":"http:\/\/www.rincondelbulla.cl\/portal\/wp-json\/wp\/v2\/categories?post=3405"},{"taxonomy":"post_tag","embeddable":true,"href":"http:\/\/www.rincondelbulla.cl\/portal\/wp-json\/wp\/v2\/tags?post=3405"}],"curies":[{"name":"wp","href":"https:\/\/api.w.org\/{rel}","templated":true}]}}