{"id":3407,"date":"2013-03-19T23:59:09","date_gmt":"2013-03-19T23:59:09","guid":{"rendered":"http:\/\/www.rincondelbulla.cl\/portal\/?p=3407"},"modified":"2013-03-19T23:59:09","modified_gmt":"2013-03-19T23:59:09","slug":"la-patrulla-juvenil-de-la-u-que-quiere-jugar-el-mundial-sub-20","status":"publish","type":"post","link":"http:\/\/www.rincondelbulla.cl\/portal\/2013\/03\/19\/la-patrulla-juvenil-de-la-u-que-quiere-jugar-el-mundial-sub-20\/","title":{"rendered":"La patrulla juvenil de la U que quiere jugar el mundial sub 20"},"content":{"rendered":"<figure id=\"attachment_5016\" aria-describedby=\"caption-attachment-5016\" style=\"width: 2816px\" class=\"wp-caption alignnone\"><img loading=\"lazy\" decoding=\"async\" class=\" size-full wp-image-5016\" src=\"http:\/\/www.rincondelbulla.cl\/portal\/wp-content\/uploads\/2013\/03\/3121a4831a86392237c9d5c574cdc7af.jpg\" alt=\"\" class=\"caption\" title=\"Foto: Claudio C\u00e1ceres\" width=\"2816\" height=\"1880\" srcset=\"http:\/\/www.rincondelbulla.cl\/portal\/wp-content\/uploads\/2013\/03\/3121a4831a86392237c9d5c574cdc7af.jpg 2816w, http:\/\/www.rincondelbulla.cl\/portal\/wp-content\/uploads\/2013\/03\/3121a4831a86392237c9d5c574cdc7af-300x200.jpg 300w, http:\/\/www.rincondelbulla.cl\/portal\/wp-content\/uploads\/2013\/03\/3121a4831a86392237c9d5c574cdc7af-768x513.jpg 768w, http:\/\/www.rincondelbulla.cl\/portal\/wp-content\/uploads\/2013\/03\/3121a4831a86392237c9d5c574cdc7af-1200x801.jpg 1200w, http:\/\/www.rincondelbulla.cl\/portal\/wp-content\/uploads\/2013\/03\/3121a4831a86392237c9d5c574cdc7af-696x465.jpg 696w, http:\/\/www.rincondelbulla.cl\/portal\/wp-content\/uploads\/2013\/03\/3121a4831a86392237c9d5c574cdc7af-1068x713.jpg 1068w, http:\/\/www.rincondelbulla.cl\/portal\/wp-content\/uploads\/2013\/03\/3121a4831a86392237c9d5c574cdc7af-629x420.jpg 629w\" sizes=\"auto, (max-width: 2816px) 100vw, 2816px\" \/><figcaption id=\"caption-attachment-5016\" class=\"wp-caption-text\">Foto: Claudio C\u00e1ceres<\/figcaption><\/figure>\n<p>Cuatro son los nombres de azules convocados por Mario Salas para el cuadrangular que disputar\u00e1 la Selecci\u00f3n Chilena Sub 20 en Coquimbo. <!--more--> <span style=\"line-height: 1.3em;\">La &#8216;Rojita&#8217; Sub 20 contin\u00faa su preparaci\u00f3n pensando en el Mundial de la categor\u00eda que se llevar\u00e1 a cabo en Turqu\u00eda y con ese plan su DT, Mario Salas, dio a conocer a los convocados de la selecci\u00f3n chilena para disputar un cuadrangular amistoso que se llevar\u00e1 a cabo en la ciudad de Coquimbo entre el 21 y 25 de marzo, donde participar\u00e1n Colombia, Paraguay y Palestino.<\/span><\/p>\n<p><strong>\u00abEsta semana se han sumado algunos jugadores y nos deja muy contento el tema de la planificaci\u00f3n de partidos y esta semana larga que tendremos a nuestra disposici\u00f3n a todos los jugadores es ideal\u00bb<\/strong>, asegur\u00f3 Mario Salas, entrenador del seleccionado juvenil, quien tambi\u00e9n se refiri\u00f3 a la continuidad que han tenido los jugadores en sus equipos.<\/p>\n<p><strong>\u00abHay muchos de ellos que han tenido continuidad y han aprovechado esta oportunidad. Por eso es bueno ver a Maturana jugando, a Huerta, a Igor en la &#8216;U&#8217;; el mismo Mart\u00ednez que est\u00e1 consolidado; Contreras, Ragusa, Baeza, han sumado minutos. Y si no los tienen en el primer equipo la tendr\u00e1n en la Sub 19 y en la Segunda Divisi\u00f3n donde nosotros le haremos el seguimiento\u00bb<\/strong>, explic\u00f3.<\/p>\n<p>Dentro de las sorpresas en la lista destacan jugadores que no participaron del \u00faltimo Sudamericano, como Michael Contreras y Christi\u00e1n Bravo de Universidad de Chile, Diego Vald\u00e9s de Audax Italiano y \u00d3scar Hern\u00e1ndez, quien ha tenido una participaci\u00f3n regular en el primer equipo de Uni\u00f3n Espa\u00f1ola en el torneo chileno.<\/p>\n<p>En tanto, tambi\u00e9n est\u00e1n junto al plantel Bryan Rabello de Sevilla y Diego Rubio, de Sporting de Lisboa, dos de los referentes del plantel que clasific\u00f3 al Mundial y deber\u00e1n suplir la ausencia de Nicol\u00e1s Castillo, que fue nominado de emergencia a la selecci\u00f3n adulta, misma situaci\u00f3n de Sebasti\u00e1n Mart\u00ednez, que tambi\u00e9n est\u00e1 bajo las \u00f3rdenes de Jorge Sampaoli pensando en las clasificatorias.<\/p>\n<p>N\u00d3MINA COMPLETA DE LA SELECCI\u00d3N SUB 20<\/p>\n<p><strong>Arqueros<\/strong><\/p>\n<p>Dar\u00edo Melo Pulgar (Palestino), Brayan Cort\u00e9s Fern\u00e1ndez (Deportes Iquique).<\/p>\n<p><strong>Defensas<\/strong><\/p>\n<p>Michael Contreras Araya, Igor Lichnovsky Osorio y Valber Huerta Jerez (Universidad de Chile), Felipe Campos Mosquera (Palestino), Manuel Bravo D\u00edaz y Claudio Baeza Baeza (Colo Colo), Andr\u00e9s Robles Fuentes (Santiago Wanderers), Mario Larenas D\u00edaz (Uni\u00f3n Espa\u00f1ola) y Alejandro Contreras Daza (Palestino).<\/p>\n<p><strong>Volantes<\/strong><\/p>\n<p>Bryan Rabello Mella (Sevilla, Espa\u00f1a), Christian Bravo Araneda y Nicol\u00e1s Maturana Caneo (Universidad de Chile), \u00d3scar Hern\u00e1ndez Polanco (Uni\u00f3n Espa\u00f1ola), Cristi\u00e1n Cuevas y C\u00e9sar Fuentes Gonz\u00e1lez(O\u2019Higgins) y Diego Vald\u00e9s Contreras (Audax Italiano).<\/p>\n<p><strong>Delanteros<\/strong><\/p>\n<p>Felipe Mora Aliaga (Audax Italiano), Diego Rubio K\u00f6stner (Sporting de Lisboa, Portugal) y Franco Ragusa Nappe (Everton).<\/p>\n<p>&nbsp;<\/p>\n<p><strong>Fuente: Prensafutbol<\/strong><\/p>\n","protected":false},"excerpt":{"rendered":"<p>Cuatro son los nombres de azules convocados por Mario Salas para el cuadrangular que disputar\u00e1 la Selecci\u00f3n Chilena Sub 20 en Coquimbo.<\/p>\n","protected":false},"author":56,"featured_media":5016,"comment_status":"open","ping_status":"open","sticky":false,"template":"","format":"standard","meta":{"footnotes":""},"categories":[18],"tags":[],"class_list":{"0":"post-3407","1":"post","2":"type-post","3":"status-publish","4":"format-standard","5":"has-post-thumbnail","7":"category-actualidad"},"_links":{"self":[{"href":"http:\/\/www.rincondelbulla.cl\/portal\/wp-json\/wp\/v2\/posts\/3407","targetHints":{"allow":["GET"]}}],"collection":[{"href":"http:\/\/www.rincondelbulla.cl\/portal\/wp-json\/wp\/v2\/posts"}],"about":[{"href":"http:\/\/www.rincondelbulla.cl\/portal\/wp-json\/wp\/v2\/types\/post"}],"author":[{"embeddable":true,"href":"http:\/\/www.rincondelbulla.cl\/portal\/wp-json\/wp\/v2\/users\/56"}],"replies":[{"embeddable":true,"href":"http:\/\/www.rincondelbulla.cl\/portal\/wp-json\/wp\/v2\/comments?post=3407"}],"version-history":[{"count":0,"href":"http:\/\/www.rincondelbulla.cl\/portal\/wp-json\/wp\/v2\/posts\/3407\/revisions"}],"wp:featuredmedia":[{"embeddable":true,"href":"http:\/\/www.rincondelbulla.cl\/portal\/wp-json\/wp\/v2\/media\/5016"}],"wp:attachment":[{"href":"http:\/\/www.rincondelbulla.cl\/portal\/wp-json\/wp\/v2\/media?parent=3407"}],"wp:term":[{"taxonomy":"category","embeddable":true,"href":"http:\/\/www.rincondelbulla.cl\/portal\/wp-json\/wp\/v2\/categories?post=3407"},{"taxonomy":"post_tag","embeddable":true,"href":"http:\/\/www.rincondelbulla.cl\/portal\/wp-json\/wp\/v2\/tags?post=3407"}],"curies":[{"name":"wp","href":"https:\/\/api.w.org\/{rel}","templated":true}]}}