{"id":3459,"date":"2013-05-09T12:12:53","date_gmt":"2013-05-09T12:12:53","guid":{"rendered":"http:\/\/www.rincondelbulla.cl\/portal\/?p=3459"},"modified":"2013-05-09T12:12:53","modified_gmt":"2013-05-09T12:12:53","slug":"franco-sigue-con-vida-en-la-u-gracias-a-la-copa-chile-se-queda-hasta-fin-de-ano","status":"publish","type":"post","link":"http:\/\/www.rincondelbulla.cl\/portal\/2013\/05\/09\/franco-sigue-con-vida-en-la-u-gracias-a-la-copa-chile-se-queda-hasta-fin-de-ano\/","title":{"rendered":"Franco sigue con vida en la U gracias a la Copa Chile: Se queda hasta fin de a\u00f1o."},"content":{"rendered":"<figure id=\"attachment_5067\" aria-describedby=\"caption-attachment-5067\" style=\"width: 960px\" class=\"wp-caption alignnone\"><img loading=\"lazy\" decoding=\"async\" class=\" size-full wp-image-5067\" src=\"http:\/\/www.rincondelbulla.cl\/portal\/wp-content\/uploads\/2013\/05\/176305b02b8b14f75f2e6c696c06f6d6.jpg\" alt=\"\" class=\"caption\" title=\"Foto: Patricio Gonz\u00e1lez\" width=\"960\" height=\"640\" srcset=\"http:\/\/www.rincondelbulla.cl\/portal\/wp-content\/uploads\/2013\/05\/176305b02b8b14f75f2e6c696c06f6d6.jpg 960w, http:\/\/www.rincondelbulla.cl\/portal\/wp-content\/uploads\/2013\/05\/176305b02b8b14f75f2e6c696c06f6d6-300x200.jpg 300w, http:\/\/www.rincondelbulla.cl\/portal\/wp-content\/uploads\/2013\/05\/176305b02b8b14f75f2e6c696c06f6d6-768x512.jpg 768w, http:\/\/www.rincondelbulla.cl\/portal\/wp-content\/uploads\/2013\/05\/176305b02b8b14f75f2e6c696c06f6d6-696x464.jpg 696w, http:\/\/www.rincondelbulla.cl\/portal\/wp-content\/uploads\/2013\/05\/176305b02b8b14f75f2e6c696c06f6d6-630x420.jpg 630w\" sizes=\"auto, (max-width: 960px) 100vw, 960px\" \/><figcaption id=\"caption-attachment-5067\" class=\"wp-caption-text\">Foto: Patricio Gonz\u00e1lez<\/figcaption><\/figure>\n<p><strong>La obtenci\u00f3n de la Copa Chile y la clasificaci\u00f3n a la Copa Sudamericana por tercera vez consecutiva, le dieron un respiro al complicado panorama que se le asomaba a Dar\u00edo Franco. Ayer Jos\u00e9 Yuraseck lo ratific\u00f3 hasta cumplir su contrato, es decir, hasta fin de a\u00f1o.<\/strong><\/p>\n<p>  <!--more-->  <\/p>\n<p>El gol de Juan Ignacio Duma convertido en los descuentos a Universidad Cat\u00f3lica no s\u00f3lo signific\u00f3 que Universidad de Chile ganara 2-1 y se quedara con la Copa Chile. De hecho, la conquista del juvenil argentino de los azules tuvo mayores alcances. De hecho, la conquista salpic\u00f3 en la suerte del cuerpo t\u00e9cnico.<\/p>\n<p>&nbsp;<\/p>\n<p>Porque tras conseguir la Copa Chile en Temuco, la labor del criticado Dar\u00edo Franco parece vivir d\u00edas m\u00e1s tranquilos. De hecho, el futuro del adiestrador argentino parece vivir d\u00edas m\u00e1s relajados pese a las permanentes cr\u00edticas que ha recibido.<\/p>\n<p>En efecto, en este instante Franco ya cuenta con un trofeo en su bit\u00e1cora y tiene a los azules peleando el Torneo 2013. Sin contar que la Copa Chile le permite a la \u00abU\u00bb disputar la Copa Sudamericano de este segundo semestre.<\/p>\n<p>Y como si fuera poco, viene de vencer a Colo Colo en el Supercl\u00e1sico. Pese a ello, anoche, en la premiaci\u00f3n, fue pifiado cuando por los parlantes se anunci\u00f3 su nombre.<\/p>\n<p><strong>\u201cSiempre se\u00f1al\u00e9 que Franco llevaba poco tiempo y al principio cuesta partir. Adem\u00e1s, tra\u00eda una mochila muy pesada. Reiventarse en el \u00e9xito nos ha costado, pero nunca dudamos de su capacidad. Esto nos ratifica que vamos por el buen camino y que tenemos que seguir adelante con \u00e9l\u201d<\/strong>, asegur\u00f3 el presidente de Azul Azul, Jos\u00e9 Yuraszeck, consultado por la labor de Franco.<\/p>\n<p>Consultado si la obtenci\u00f3n de la Copa Chile le suma apoyo a la labor de Franco en Universidad de Chile, el presidente de Azul Azul manifest\u00f3 que \u00abnunca estuvo en duda su puesto. Siempre hemos sido muy respetuosos con los tiempos de trabajo de los entrenadores\u00bb.<\/p>\n<p><strong>\u00abAhora hay que pensar en el partido del domingo ante \u00d1ublense para poder aspirar a ser campeones del torneo nacional\u00bb<\/strong>, asever\u00f3.<\/p>\n<p>Y Franco agradeci\u00f3 el respaldo: \u00abNunca tuve duda cuando llegu\u00e9 a Universidad (de Chile) que iba a cumplir la totalidad de mi contrato. Obviamente que los buenos resultados y los t\u00edtulos te dan tranquilidad, y los malos (resultados) te hacen perder el puesto. Pero ac\u00e1 nunca perdimos la convicci\u00f3n en nuestro trabajo. Estoy seguro que con este grupo de trabajo, de grandes jugadores, podemos conseguir m\u00e1s cosas\u00bb.<\/p>\n<p>Fuente: La Tercera<\/p>\n","protected":false},"excerpt":{"rendered":"<p>La obtenci\u00f3n de la Copa Chile y la clasificaci\u00f3n a la Copa Sudamericana por tercera vez consecutiva, le dieron un respiro al complicado panorama que se le asomaba a Dar\u00edo Franco. Ayer Jos\u00e9 Yuraseck lo ratific\u00f3 hasta cumplir su contrato, es decir, hasta fin de a\u00f1o.<\/p>\n","protected":false},"author":56,"featured_media":5067,"comment_status":"open","ping_status":"open","sticky":false,"template":"","format":"standard","meta":{"footnotes":""},"categories":[18],"tags":[],"class_list":{"0":"post-3459","1":"post","2":"type-post","3":"status-publish","4":"format-standard","5":"has-post-thumbnail","7":"category-actualidad"},"_links":{"self":[{"href":"http:\/\/www.rincondelbulla.cl\/portal\/wp-json\/wp\/v2\/posts\/3459","targetHints":{"allow":["GET"]}}],"collection":[{"href":"http:\/\/www.rincondelbulla.cl\/portal\/wp-json\/wp\/v2\/posts"}],"about":[{"href":"http:\/\/www.rincondelbulla.cl\/portal\/wp-json\/wp\/v2\/types\/post"}],"author":[{"embeddable":true,"href":"http:\/\/www.rincondelbulla.cl\/portal\/wp-json\/wp\/v2\/users\/56"}],"replies":[{"embeddable":true,"href":"http:\/\/www.rincondelbulla.cl\/portal\/wp-json\/wp\/v2\/comments?post=3459"}],"version-history":[{"count":0,"href":"http:\/\/www.rincondelbulla.cl\/portal\/wp-json\/wp\/v2\/posts\/3459\/revisions"}],"wp:featuredmedia":[{"embeddable":true,"href":"http:\/\/www.rincondelbulla.cl\/portal\/wp-json\/wp\/v2\/media\/5067"}],"wp:attachment":[{"href":"http:\/\/www.rincondelbulla.cl\/portal\/wp-json\/wp\/v2\/media?parent=3459"}],"wp:term":[{"taxonomy":"category","embeddable":true,"href":"http:\/\/www.rincondelbulla.cl\/portal\/wp-json\/wp\/v2\/categories?post=3459"},{"taxonomy":"post_tag","embeddable":true,"href":"http:\/\/www.rincondelbulla.cl\/portal\/wp-json\/wp\/v2\/tags?post=3459"}],"curies":[{"name":"wp","href":"https:\/\/api.w.org\/{rel}","templated":true}]}}