{"id":3460,"date":"2013-05-10T12:17:46","date_gmt":"2013-05-10T12:17:46","guid":{"rendered":"http:\/\/www.rincondelbulla.cl\/portal\/?p=3460"},"modified":"2013-05-10T12:17:46","modified_gmt":"2013-05-10T12:17:46","slug":"jose-yuraseck-no-es-buen-negocio-construir-un-estadio","status":"publish","type":"post","link":"http:\/\/www.rincondelbulla.cl\/portal\/2013\/05\/10\/jose-yuraseck-no-es-buen-negocio-construir-un-estadio\/","title":{"rendered":"Jos\u00e9 Yuraseck: \u00abNo es buen negocio construir un estadio\u00bb"},"content":{"rendered":"<p><img loading=\"lazy\" decoding=\"async\" class=\" size-full wp-image-5068\" src=\"http:\/\/www.rincondelbulla.cl\/portal\/wp-content\/uploads\/2013\/05\/47ed312dbee39b4feb4a261300270374.jpg\" alt=\"\" width=\"700\" height=\"396\" srcset=\"http:\/\/www.rincondelbulla.cl\/portal\/wp-content\/uploads\/2013\/05\/47ed312dbee39b4feb4a261300270374.jpg 700w, http:\/\/www.rincondelbulla.cl\/portal\/wp-content\/uploads\/2013\/05\/47ed312dbee39b4feb4a261300270374-300x170.jpg 300w, http:\/\/www.rincondelbulla.cl\/portal\/wp-content\/uploads\/2013\/05\/47ed312dbee39b4feb4a261300270374-696x394.jpg 696w\" sizes=\"auto, (max-width: 700px) 100vw, 700px\" \/><\/p>\n<p><strong>El su\u00f1o de millones de azule se va esfumando poco &nbsp;a poco, si bien en el per\u00edodo de Federico Vald\u00e9s se puso fecha a la construcci\u00f3n del Estadio Azul, el actual timonel de Azul Azul, se\u00f1al\u00f3 que fue un error dar fechas de la posible construcci\u00f3n de coliseo de la U.<\/strong> <!--more--> A un d\u00eda de haber levantado la Copa Chile junto con sus jugadores, el presidente de Azul Azul, Jos\u00e9 Yuraszeck, convers\u00f3 con Canal 24 Horas. Con su habitual facilidad para evitar las preguntas, el timonel de la \u201cU\u201d habl\u00f3 del sue\u00f1o del estadio, pero nuevamente dej\u00f3 el tema en el \u201caire\u201d.<\/p>\n<p><strong>\u201cSeguimos viendo alternativas, porque hay que ser bastante creativos para poder financiar un proyecto de este calibre, porque no se puede hacer negocio por el f\u00fatbol\u201d<\/strong>, coment\u00f3 el mandam\u00e1s, para luego agregar que<strong> \u201cno es un buen negocio construir un estadio\u201d<\/strong>.<\/p>\n<p>Est\u00e1s palabras sacaron chispas en el Twitter, por lo que de inmediato Yuraszeck trat\u00f3 de justificarse diciendo que \u201cel f\u00fatbol chileno no tiene la capacidad de financiar un estadio, a menos que el recinto donde juegues sea del Gobierno\u201d.<\/p>\n<p><strong>\u201cFue un error poner fechas para tener el estadio\u201d<\/strong>, a\u00f1adi\u00f3 el mandam\u00e1s que a principios de su mandato en Azul Azul prometi\u00f3 la construcci\u00f3n de la casa de la \u201cU\u201d, una promesa que parece esfumarse con el paso de los d\u00edas.<strong> \u201cEspero que se construya en mi per\u00edodo\u201d<\/strong>, prosigui\u00f3 el empresario.<\/p>\n<p>Por otro lado, Yuraszeck no quiso ahondar en el Plan Estadio Seguro, el que ha adoptado medidas a\u00fan m\u00e1s dr\u00e1sticas con el paso de los meses. Adem\u00e1s, el presidente tampoco se refiri\u00f3 a las pr\u00f3ximas contrataciones de la \u201cU\u201d, pues no quiere meterse en l\u00edos antes de que finalice el Torneo Nacional.<\/p>\n<p><strong>\u201cNo hablaremos de ese tema hasta el final del torneo, porque desconcentra a nuestros jugadores del objetivo final\u201d<\/strong>, dijo el timonel de Azul Azul.<\/p>\n<p>&nbsp;<\/p>\n<p><strong>Fuente: Red Gol<\/strong><\/p>\n","protected":false},"excerpt":{"rendered":"<p>El su\u00f1o de millones de azule se va esfumando poco &nbsp;a poco, si bien en el per\u00edodo de Federico Vald\u00e9s se puso fecha a la construcci\u00f3n del Estadio Azul, el actual timonel de Azul Azul, se\u00f1al\u00f3 que fue un error dar fechas de la posible construcci\u00f3n de coliseo de la U.<\/p>\n","protected":false},"author":56,"featured_media":5068,"comment_status":"open","ping_status":"open","sticky":false,"template":"","format":"standard","meta":{"footnotes":""},"categories":[18],"tags":[],"class_list":{"0":"post-3460","1":"post","2":"type-post","3":"status-publish","4":"format-standard","5":"has-post-thumbnail","7":"category-actualidad"},"_links":{"self":[{"href":"http:\/\/www.rincondelbulla.cl\/portal\/wp-json\/wp\/v2\/posts\/3460","targetHints":{"allow":["GET"]}}],"collection":[{"href":"http:\/\/www.rincondelbulla.cl\/portal\/wp-json\/wp\/v2\/posts"}],"about":[{"href":"http:\/\/www.rincondelbulla.cl\/portal\/wp-json\/wp\/v2\/types\/post"}],"author":[{"embeddable":true,"href":"http:\/\/www.rincondelbulla.cl\/portal\/wp-json\/wp\/v2\/users\/56"}],"replies":[{"embeddable":true,"href":"http:\/\/www.rincondelbulla.cl\/portal\/wp-json\/wp\/v2\/comments?post=3460"}],"version-history":[{"count":0,"href":"http:\/\/www.rincondelbulla.cl\/portal\/wp-json\/wp\/v2\/posts\/3460\/revisions"}],"wp:featuredmedia":[{"embeddable":true,"href":"http:\/\/www.rincondelbulla.cl\/portal\/wp-json\/wp\/v2\/media\/5068"}],"wp:attachment":[{"href":"http:\/\/www.rincondelbulla.cl\/portal\/wp-json\/wp\/v2\/media?parent=3460"}],"wp:term":[{"taxonomy":"category","embeddable":true,"href":"http:\/\/www.rincondelbulla.cl\/portal\/wp-json\/wp\/v2\/categories?post=3460"},{"taxonomy":"post_tag","embeddable":true,"href":"http:\/\/www.rincondelbulla.cl\/portal\/wp-json\/wp\/v2\/tags?post=3460"}],"curies":[{"name":"wp","href":"https:\/\/api.w.org\/{rel}","templated":true}]}}