{"id":3463,"date":"2013-05-14T12:14:02","date_gmt":"2013-05-14T12:14:02","guid":{"rendered":"http:\/\/www.rincondelbulla.cl\/portal\/?p=3463"},"modified":"2013-05-14T12:14:02","modified_gmt":"2013-05-14T12:14:02","slug":"quien-lo-diria-la-u-de-franco-es-mas-goleadora-que-la-u-de-sampaoli-en-lo-que-va-de-esta-temporada","status":"publish","type":"post","link":"http:\/\/www.rincondelbulla.cl\/portal\/2013\/05\/14\/quien-lo-diria-la-u-de-franco-es-mas-goleadora-que-la-u-de-sampaoli-en-lo-que-va-de-esta-temporada\/","title":{"rendered":"\u00bfQui\u00e9n lo dir\u00eda?. La U de Franco es m\u00e1s goleadora que la U de Sampaoli en lo que va de esta temporada"},"content":{"rendered":"<p><img loading=\"lazy\" decoding=\"async\" class=\" size-full wp-image-5071\" src=\"http:\/\/www.rincondelbulla.cl\/portal\/wp-content\/uploads\/2013\/05\/1193f93d590ab70b335fd829a29c10a1.jpg\" alt=\"\" width=\"700\" height=\"396\" srcset=\"http:\/\/www.rincondelbulla.cl\/portal\/wp-content\/uploads\/2013\/05\/1193f93d590ab70b335fd829a29c10a1.jpg 700w, http:\/\/www.rincondelbulla.cl\/portal\/wp-content\/uploads\/2013\/05\/1193f93d590ab70b335fd829a29c10a1-300x170.jpg 300w, http:\/\/www.rincondelbulla.cl\/portal\/wp-content\/uploads\/2013\/05\/1193f93d590ab70b335fd829a29c10a1-696x394.jpg 696w\" sizes=\"auto, (max-width: 700px) 100vw, 700px\" \/><\/p>\n<p><strong>Pese a lo irregular del juego mostrado por el cuadro azul, las estad\u00edsticas le hacen un gi\u00f1o a la U de Franco, en las 15 fechas disputas del torneo de Transici\u00f3n 2013, Universidad de Chile promedia un gol m\u00e1s que en misma fecha del torneo de apertura 2011. <!--more--> <\/strong>Despu\u00e9s de la consagraci\u00f3n que vivi\u00f3 la \u201cU\u201d en la final de la Copa Chile, Dar\u00edo Franco insisti\u00f3 en que fue el triunfo de una manera de jugar diferente a la que estaban acostumbrados los hinchas azules en a\u00f1os anteriores.<\/p>\n<p><strong>\u201cJugando a ras de piso, con posesi\u00f3n de bal\u00f3n, nos permiti\u00f3 ganar esta final. Esto confirma que no hay una \u00fanica forma de llegar al triunfo\u201d<\/strong>, insisti\u00f3 el cordob\u00e9s, intentando defender su estilo, tan criticado durante buena parte del semestre y, de paso, le envi\u00f3 un mensaje subterr\u00e1neo a los \u201cviudos\u201d de Jorge Sampaoli.<\/p>\n<p>M\u00e1s all\u00e1 de los gustos futbol\u00edsticos, las palabras de Franco se ven avaladas por los hechos. Basta revisar su campa\u00f1a hasta el momento en el campeonato nacional en relaci\u00f3n con la que cumpli\u00f3 Sampaoli durante su primer torneo con los estudiantiles, para darse cuenta de un detalle revelador: la \u201cU\u201d del cordob\u00e9s ha convertido m\u00e1s goles que la del casildense.<\/p>\n<p><strong>Cifra elocuente<\/strong><\/p>\n<p>En las 15 fechas disputadas hasta hoy, el cuadro universitario acumula 36 tantos. A la misma altura, el equipo del casildense, quien contaba con tres goleadores en su plantel (Gustavo Canales, Diego Rivarola y Gabriel Vargas), sumaba 35. De esta forma, se desmitifica en parte aquello de que la \u201cU\u201d de Franco es menos ofensiva que la del actual seleccionador nacional, quiz\u00e1s una de las principales diferencias que se le han enrostrado al cordob\u00e9s.<\/p>\n<p><strong>\u201cMe ha tomado tiempo inculcarle mi idea futbol\u00edstica a los jugadores, por diferentes motivos. Pero creo que de a poco la han ido adoptando y eso se ha visto reflejado en los resultados y en el nivel de juego\u201d<\/strong>, reconoci\u00f3 Franco hace unos d\u00edas, a prop\u00f3sito de una ideolog\u00eda futbol\u00edstica que ha tenido m\u00e1s detractores que admiradores.<\/p>\n<p>En cuanto a la cantidad de puntos, el equipo de Sampaoli ten\u00eda a esta altura uno m\u00e1s que el de Franco. La \u201cU\u201d que se consagrar\u00eda campeona en ese Apertura 2011 acumulaba 31 unidades y finalizar\u00eda la temporada regular con 35. Eso s\u00ed, en ese semestre el equipo s\u00f3lo particip\u00f3 en el campeonato nacional, mientras que el actual plantel ha afrontado tres torneos en forma simult\u00e1nea, adem\u00e1s de lidiar con permanentes llamados de jugadores a las selecciones. Algo que no ocurri\u00f3 en ese primer semestre.<\/p>\n<p><strong>\u201cSeguiremos dando la lucha. Aunque no depende de nosotros, pelearemos nuestra opci\u00f3n\u201d<\/strong>, recalc\u00f3 Franco, quien con un t\u00edtulo en el bolsillo, va en busca de otro que, de una vez por todas, lo consolide en el coraz\u00f3n de los hinchas.<\/p>\n<p>&nbsp;<\/p>\n<p><strong>Fuente: La Tercera<\/strong><\/p>\n","protected":false},"excerpt":{"rendered":"<p>Pese a lo irregular del juego mostrado por el cuadro azul, las estad\u00edsticas le hacen un gi\u00f1o a la U de Franco, en las 15 fechas disputas del torneo de Transici\u00f3n 2013, Universidad de Chile promedia un gol m\u00e1s que en misma fecha del torneo de apertura 2011.<\/p>\n","protected":false},"author":56,"featured_media":5071,"comment_status":"open","ping_status":"open","sticky":false,"template":"","format":"standard","meta":{"footnotes":""},"categories":[18],"tags":[],"class_list":{"0":"post-3463","1":"post","2":"type-post","3":"status-publish","4":"format-standard","5":"has-post-thumbnail","7":"category-actualidad"},"_links":{"self":[{"href":"http:\/\/www.rincondelbulla.cl\/portal\/wp-json\/wp\/v2\/posts\/3463","targetHints":{"allow":["GET"]}}],"collection":[{"href":"http:\/\/www.rincondelbulla.cl\/portal\/wp-json\/wp\/v2\/posts"}],"about":[{"href":"http:\/\/www.rincondelbulla.cl\/portal\/wp-json\/wp\/v2\/types\/post"}],"author":[{"embeddable":true,"href":"http:\/\/www.rincondelbulla.cl\/portal\/wp-json\/wp\/v2\/users\/56"}],"replies":[{"embeddable":true,"href":"http:\/\/www.rincondelbulla.cl\/portal\/wp-json\/wp\/v2\/comments?post=3463"}],"version-history":[{"count":0,"href":"http:\/\/www.rincondelbulla.cl\/portal\/wp-json\/wp\/v2\/posts\/3463\/revisions"}],"wp:featuredmedia":[{"embeddable":true,"href":"http:\/\/www.rincondelbulla.cl\/portal\/wp-json\/wp\/v2\/media\/5071"}],"wp:attachment":[{"href":"http:\/\/www.rincondelbulla.cl\/portal\/wp-json\/wp\/v2\/media?parent=3463"}],"wp:term":[{"taxonomy":"category","embeddable":true,"href":"http:\/\/www.rincondelbulla.cl\/portal\/wp-json\/wp\/v2\/categories?post=3463"},{"taxonomy":"post_tag","embeddable":true,"href":"http:\/\/www.rincondelbulla.cl\/portal\/wp-json\/wp\/v2\/tags?post=3463"}],"curies":[{"name":"wp","href":"https:\/\/api.w.org\/{rel}","templated":true}]}}