{"id":3464,"date":"2013-05-15T02:34:43","date_gmt":"2013-05-15T02:34:43","guid":{"rendered":"http:\/\/www.rincondelbulla.cl\/portal\/?p=3464"},"modified":"2013-05-15T02:34:43","modified_gmt":"2013-05-15T02:34:43","slug":"dos-bajas-muy-sensibles-tiene-la-u-para-enfrentar-el-clasico-universitario","status":"publish","type":"post","link":"http:\/\/www.rincondelbulla.cl\/portal\/2013\/05\/15\/dos-bajas-muy-sensibles-tiene-la-u-para-enfrentar-el-clasico-universitario\/","title":{"rendered":"Dos bajas muy sensibles tiene la U para enfrentar el cl\u00e1sico universitario"},"content":{"rendered":"<p><img loading=\"lazy\" decoding=\"async\" class=\" size-full wp-image-5072\" src=\"http:\/\/www.rincondelbulla.cl\/portal\/wp-content\/uploads\/2013\/05\/6fbba28d42cb122392c885ac9eb31b12.jpg\" alt=\"\" width=\"700\" height=\"396\" srcset=\"http:\/\/www.rincondelbulla.cl\/portal\/wp-content\/uploads\/2013\/05\/6fbba28d42cb122392c885ac9eb31b12.jpg 700w, http:\/\/www.rincondelbulla.cl\/portal\/wp-content\/uploads\/2013\/05\/6fbba28d42cb122392c885ac9eb31b12-300x170.jpg 300w, http:\/\/www.rincondelbulla.cl\/portal\/wp-content\/uploads\/2013\/05\/6fbba28d42cb122392c885ac9eb31b12-696x394.jpg 696w\" sizes=\"auto, (max-width: 700px) 100vw, 700px\" \/><\/p>\n<p><strong>Igor Lichnovsky &nbsp;y Osvaldo Gonz\u00e1lez quedaron descartados parta el duelo de este fin de semana ante Universidad Cat\u00f3lica , un problema la rodilla y un desgarro, respectivamente, dejaron fuera a los defensas del trascendental duelo. <!--more--> <\/strong>Este domingo desde las 12:00 horas en San Carlos de Apoquindo se llevar\u00e1 a cabo una nueva versi\u00f3n del cl\u00e1sico universitario entre la UC y la \u201cU\u201d. Dar\u00edo Franco suma algunas dudas para el crucial partido, pues ya cuenta con dos bajas confirmadas en la zaga.<\/p>\n<p>Se trata de Osvaldo Gonz\u00e1lez e Igor Lichnovsky, quienes no estar\u00e1n en la defensa de la Universidad de Chile. El ex Toluca se resinti\u00f3 en la previa del duelo ante Colo Colo y se confirm\u00f3 que tiene un desgarro en su gemelo derecho.<\/p>\n<p>Por su parte, el joven defensa de la \u201cU\u201d qued\u00f3 descartado tras sufrir un problema en su rodilla izquierda en el pasado amistoso entre Chile Sub 20 y Uruguay.<\/p>\n<p>Teniendo en cuenta las bajas, la alineaci\u00f3n azul ser\u00e1 la misma que presentaron en Chill\u00e1n, con<strong> Johnny Herrera; Sergio Vel\u00e1squez, Albert Acevedo, Jos\u00e9 Rojas, Eugenio Mena; Sebasti\u00e1n Mart\u00ednez, Charles Ar\u00e1nguiz, Gustavo Lorenzetti; Juan Ignacio Duma, Isaac D\u00edaz y C\u00e9sar Cort\u00e9s.<\/strong><\/p>\n<p><strong>&nbsp;<\/strong><\/p>\n<p><strong>Fuente: Red Gol<\/strong><\/p>\n","protected":false},"excerpt":{"rendered":"<p>Igor Lichnovsky &nbsp;y Osvaldo Gonz\u00e1lez quedaron descartados parta el duelo de este fin de semana ante Universidad Cat\u00f3lica , un problema la rodilla y un desgarro, respectivamente, dejaron fuera a los defensas del trascendental duelo.<\/p>\n","protected":false},"author":56,"featured_media":5072,"comment_status":"open","ping_status":"open","sticky":false,"template":"","format":"standard","meta":{"footnotes":""},"categories":[18],"tags":[],"class_list":{"0":"post-3464","1":"post","2":"type-post","3":"status-publish","4":"format-standard","5":"has-post-thumbnail","7":"category-actualidad"},"_links":{"self":[{"href":"http:\/\/www.rincondelbulla.cl\/portal\/wp-json\/wp\/v2\/posts\/3464","targetHints":{"allow":["GET"]}}],"collection":[{"href":"http:\/\/www.rincondelbulla.cl\/portal\/wp-json\/wp\/v2\/posts"}],"about":[{"href":"http:\/\/www.rincondelbulla.cl\/portal\/wp-json\/wp\/v2\/types\/post"}],"author":[{"embeddable":true,"href":"http:\/\/www.rincondelbulla.cl\/portal\/wp-json\/wp\/v2\/users\/56"}],"replies":[{"embeddable":true,"href":"http:\/\/www.rincondelbulla.cl\/portal\/wp-json\/wp\/v2\/comments?post=3464"}],"version-history":[{"count":0,"href":"http:\/\/www.rincondelbulla.cl\/portal\/wp-json\/wp\/v2\/posts\/3464\/revisions"}],"wp:featuredmedia":[{"embeddable":true,"href":"http:\/\/www.rincondelbulla.cl\/portal\/wp-json\/wp\/v2\/media\/5072"}],"wp:attachment":[{"href":"http:\/\/www.rincondelbulla.cl\/portal\/wp-json\/wp\/v2\/media?parent=3464"}],"wp:term":[{"taxonomy":"category","embeddable":true,"href":"http:\/\/www.rincondelbulla.cl\/portal\/wp-json\/wp\/v2\/categories?post=3464"},{"taxonomy":"post_tag","embeddable":true,"href":"http:\/\/www.rincondelbulla.cl\/portal\/wp-json\/wp\/v2\/tags?post=3464"}],"curies":[{"name":"wp","href":"https:\/\/api.w.org\/{rel}","templated":true}]}}