{"id":3465,"date":"2013-05-15T12:30:07","date_gmt":"2013-05-15T12:30:07","guid":{"rendered":"http:\/\/www.rincondelbulla.cl\/portal\/?p=3465"},"modified":"2013-05-15T12:30:07","modified_gmt":"2013-05-15T12:30:07","slug":"juan-ignacio-duma-los-600-hinchas-que-lleguen-se-van-a-escuchar-mucho-mas","status":"publish","type":"post","link":"http:\/\/www.rincondelbulla.cl\/portal\/2013\/05\/15\/juan-ignacio-duma-los-600-hinchas-que-lleguen-se-van-a-escuchar-mucho-mas\/","title":{"rendered":"Juan Ignacio Duma: \u00bb Los 600 hinchas que lleguen se van a escuchar mucho m\u00e1s\u00bb"},"content":{"rendered":"<p><img loading=\"lazy\" decoding=\"async\" class=\" size-full wp-image-5073\" src=\"http:\/\/www.rincondelbulla.cl\/portal\/wp-content\/uploads\/2013\/05\/f2341fa0efc63cf40f8449430cf6a944.jpg\" alt=\"\" width=\"700\" height=\"1050\" srcset=\"http:\/\/www.rincondelbulla.cl\/portal\/wp-content\/uploads\/2013\/05\/f2341fa0efc63cf40f8449430cf6a944.jpg 700w, http:\/\/www.rincondelbulla.cl\/portal\/wp-content\/uploads\/2013\/05\/f2341fa0efc63cf40f8449430cf6a944-200x300.jpg 200w, http:\/\/www.rincondelbulla.cl\/portal\/wp-content\/uploads\/2013\/05\/f2341fa0efc63cf40f8449430cf6a944-696x1044.jpg 696w, http:\/\/www.rincondelbulla.cl\/portal\/wp-content\/uploads\/2013\/05\/f2341fa0efc63cf40f8449430cf6a944-280x420.jpg 280w\" sizes=\"auto, (max-width: 700px) 100vw, 700px\" \/><\/p>\n<p><strong>El ni\u00f1o prodigio azul que est\u00e1 en una incre\u00edble racha, se refiri\u00f3 al transcendental duelo que se disputar\u00e1 el domingo al medio d\u00eda en el Estadio San Carlos de Apoquindo. <!--more--> <\/strong>Ya con el cl\u00e1sico universitario a la vuelta de la esquina, Juan Ignacio Duma analiz\u00f3 el presente azulde de cara a este partido <strong>\u201csi ganamos tenemos m\u00e1s chances de ganar el t\u00edtulo. Va a ser un partido de ida y vuelta, intermitente y se va a traspasar el dominio de un lado a otro\u201d<\/strong>, se\u00f1al\u00f3 el delantero.<\/p>\n<p>Tamb\u00e9n tuvo palabras para el \u00e1rbitro del encuentro,<strong> \u201cEsperemos que el partido sea f\u00e1cil para el \u00e1rbitro, para que as\u00ed tampoco hayan muchas cr\u00edticas despu\u00e9s. Esperemos que los jugadores de ambos equipos hagamos un buen partido y as\u00ed no se le falte el respeto al juez\u201d<\/strong>, a\u00f1adi\u00f3.<\/p>\n<p>Duma se ha convertido en jugador clave en las \u00faltimas fechas que ha disputado Universidad de Chile, por ende est\u00e1 siendo observdo por muchos equipos, sin embargo el joven delantero adelant\u00f3 que pretende seguir un tiempo m\u00e1s en el cuadro azul,<strong> \u201ccon mis compa\u00f1eros esperamos obtener muchos t\u00edtulos. Pienso quedarme en la U un tiempo m\u00e1s\u201d<\/strong>.<\/p>\n<p>En este contexto el goleador azul tambi\u00e9n comento el lento e irrgular arranque que tuvo la era Franco al mando de la banca universitaria,<strong> \u201cAhora se est\u00e1 viendo lo que el &nbsp;&#8216;profe&#8217; quiere. Cost\u00f3, pasar de una punta a otra cuesta, pero gracias a Dios lo estamos asimilando bien\u201d<\/strong>, agreg\u00f3.<\/p>\n<p>Finalmente se refiri\u00f3 a la cantidad de hinchas azules que fueron autorizados para asistir a San Carlos,<strong> \u00bb esos 600 hinchas se van a escuchar mucho m\u00e1s, y los que no est\u00e9n adentro estar\u00e1n afuera y eso lo sabemos. Esperamos un partido muy cerrado\u00bb<\/strong>, sentenci\u00f3.<\/p>\n","protected":false},"excerpt":{"rendered":"<p>El ni\u00f1o prodigio azul que est\u00e1 en una incre\u00edble racha, se refiri\u00f3 al transcendental duelo que se disputar\u00e1 el domingo al medio d\u00eda en el Estadio San Carlos de Apoquindo.<\/p>\n","protected":false},"author":56,"featured_media":5073,"comment_status":"open","ping_status":"open","sticky":false,"template":"","format":"standard","meta":{"footnotes":""},"categories":[18],"tags":[],"class_list":{"0":"post-3465","1":"post","2":"type-post","3":"status-publish","4":"format-standard","5":"has-post-thumbnail","7":"category-actualidad"},"_links":{"self":[{"href":"http:\/\/www.rincondelbulla.cl\/portal\/wp-json\/wp\/v2\/posts\/3465","targetHints":{"allow":["GET"]}}],"collection":[{"href":"http:\/\/www.rincondelbulla.cl\/portal\/wp-json\/wp\/v2\/posts"}],"about":[{"href":"http:\/\/www.rincondelbulla.cl\/portal\/wp-json\/wp\/v2\/types\/post"}],"author":[{"embeddable":true,"href":"http:\/\/www.rincondelbulla.cl\/portal\/wp-json\/wp\/v2\/users\/56"}],"replies":[{"embeddable":true,"href":"http:\/\/www.rincondelbulla.cl\/portal\/wp-json\/wp\/v2\/comments?post=3465"}],"version-history":[{"count":0,"href":"http:\/\/www.rincondelbulla.cl\/portal\/wp-json\/wp\/v2\/posts\/3465\/revisions"}],"wp:featuredmedia":[{"embeddable":true,"href":"http:\/\/www.rincondelbulla.cl\/portal\/wp-json\/wp\/v2\/media\/5073"}],"wp:attachment":[{"href":"http:\/\/www.rincondelbulla.cl\/portal\/wp-json\/wp\/v2\/media?parent=3465"}],"wp:term":[{"taxonomy":"category","embeddable":true,"href":"http:\/\/www.rincondelbulla.cl\/portal\/wp-json\/wp\/v2\/categories?post=3465"},{"taxonomy":"post_tag","embeddable":true,"href":"http:\/\/www.rincondelbulla.cl\/portal\/wp-json\/wp\/v2\/tags?post=3465"}],"curies":[{"name":"wp","href":"https:\/\/api.w.org\/{rel}","templated":true}]}}