{"id":3466,"date":"2013-05-15T12:43:18","date_gmt":"2013-05-15T12:43:18","guid":{"rendered":"http:\/\/www.rincondelbulla.cl\/portal\/?p=3466"},"modified":"2013-05-15T12:43:18","modified_gmt":"2013-05-15T12:43:18","slug":"adios-a-los-play-off-y-esta-de-vuelta-la-liguilla","status":"publish","type":"post","link":"http:\/\/www.rincondelbulla.cl\/portal\/2013\/05\/15\/adios-a-los-play-off-y-esta-de-vuelta-la-liguilla\/","title":{"rendered":"Adios a los Play Off y est\u00e1 de vuelta la liguilla"},"content":{"rendered":"<p><img loading=\"lazy\" decoding=\"async\" class=\" size-full wp-image-5074\" src=\"http:\/\/www.rincondelbulla.cl\/portal\/wp-content\/uploads\/2013\/05\/cadf588aeb020ac109b1e95000aed896.jpg\" alt=\"\" width=\"700\" height=\"396\" srcset=\"http:\/\/www.rincondelbulla.cl\/portal\/wp-content\/uploads\/2013\/05\/cadf588aeb020ac109b1e95000aed896.jpg 700w, http:\/\/www.rincondelbulla.cl\/portal\/wp-content\/uploads\/2013\/05\/cadf588aeb020ac109b1e95000aed896-300x170.jpg 300w, http:\/\/www.rincondelbulla.cl\/portal\/wp-content\/uploads\/2013\/05\/cadf588aeb020ac109b1e95000aed896-696x394.jpg 696w\" sizes=\"auto, (max-width: 700px) 100vw, 700px\" \/><\/p>\n<p><strong>En Consejo de Presidentes, el \u00f3rgano de Quil\u00edn acord\u00f3 el sistema de campeonato para la temporada 2013-14, que coronar\u00e1 al campe\u00f3n en la fase regular y definir\u00e1 los cupos internacionales entre el segundo y el quinto de la tabla.<\/strong> <!--more--> En Quil\u00edn, el Consejo de Presidentes de la ANFP decidi\u00f3 la modalidad para los campeonatos de la pr\u00f3xima temporada, los que quedaron establecidos en dos torneos cortos de 17 fechas sin Playoffs, pero con una liguilla para decidir los cupos internacionales.<\/p>\n<p>En la discusi\u00f3n, durante casi tres horas y media, const\u00f3 llegar a un consenso, puesto que no eran pocos los que prefer\u00edan regresar al antiguo torneo con Playoffs.<\/p>\n<p>As\u00ed, <strong>el ganador de la fase regular ser\u00e1 el campe\u00f3n, mientras que desde el segundo al quinto de la tabla disputar\u00e1n los cupos a la Copa Libertadores y la Sudamericana.<\/strong><\/p>\n<p><strong>A final de a\u00f1o, el segundo se medir\u00e1 al quinto y el tercero al cuarto, para establecer una final, donde el ganador ir\u00e1 como Chile 3 a la Libertadores y el que resulte perdedor sacar\u00e1 un cupo a la Sudamericana.<\/strong><\/p>\n<p>En tanto, a mitad del pr\u00f3ximo a\u00f1o, se repetir\u00e1n las bases para establecer los dos cupos a la Copa Sudamericana.<\/p>\n<p>&nbsp;<\/p>\n<p><strong>Fuente: Red Gol<\/strong><\/p>\n","protected":false},"excerpt":{"rendered":"<p>En Consejo de Presidentes, el \u00f3rgano de Quil\u00edn acord\u00f3 el sistema de campeonato para la temporada 2013-14, que coronar\u00e1 al campe\u00f3n en la fase regular y definir\u00e1 los cupos internacionales entre el segundo y el quinto de la tabla.<\/p>\n","protected":false},"author":56,"featured_media":5074,"comment_status":"open","ping_status":"open","sticky":false,"template":"","format":"standard","meta":{"footnotes":""},"categories":[18],"tags":[],"class_list":{"0":"post-3466","1":"post","2":"type-post","3":"status-publish","4":"format-standard","5":"has-post-thumbnail","7":"category-actualidad"},"_links":{"self":[{"href":"http:\/\/www.rincondelbulla.cl\/portal\/wp-json\/wp\/v2\/posts\/3466","targetHints":{"allow":["GET"]}}],"collection":[{"href":"http:\/\/www.rincondelbulla.cl\/portal\/wp-json\/wp\/v2\/posts"}],"about":[{"href":"http:\/\/www.rincondelbulla.cl\/portal\/wp-json\/wp\/v2\/types\/post"}],"author":[{"embeddable":true,"href":"http:\/\/www.rincondelbulla.cl\/portal\/wp-json\/wp\/v2\/users\/56"}],"replies":[{"embeddable":true,"href":"http:\/\/www.rincondelbulla.cl\/portal\/wp-json\/wp\/v2\/comments?post=3466"}],"version-history":[{"count":0,"href":"http:\/\/www.rincondelbulla.cl\/portal\/wp-json\/wp\/v2\/posts\/3466\/revisions"}],"wp:featuredmedia":[{"embeddable":true,"href":"http:\/\/www.rincondelbulla.cl\/portal\/wp-json\/wp\/v2\/media\/5074"}],"wp:attachment":[{"href":"http:\/\/www.rincondelbulla.cl\/portal\/wp-json\/wp\/v2\/media?parent=3466"}],"wp:term":[{"taxonomy":"category","embeddable":true,"href":"http:\/\/www.rincondelbulla.cl\/portal\/wp-json\/wp\/v2\/categories?post=3466"},{"taxonomy":"post_tag","embeddable":true,"href":"http:\/\/www.rincondelbulla.cl\/portal\/wp-json\/wp\/v2\/tags?post=3466"}],"curies":[{"name":"wp","href":"https:\/\/api.w.org\/{rel}","templated":true}]}}