{"id":3468,"date":"2013-05-16T01:54:35","date_gmt":"2013-05-16T01:54:35","guid":{"rendered":"http:\/\/www.rincondelbulla.cl\/portal\/?p=3468"},"modified":"2013-05-16T01:54:35","modified_gmt":"2013-05-16T01:54:35","slug":"cesar-cortes-y-la-recta-final-no-creo-que-colo-colo-se-deje-perder","status":"publish","type":"post","link":"http:\/\/www.rincondelbulla.cl\/portal\/2013\/05\/16\/cesar-cortes-y-la-recta-final-no-creo-que-colo-colo-se-deje-perder\/","title":{"rendered":"C\u00e9sar Cort\u00e9s y la recta final: \u201cNo creo que Colo Colo se deje perder\u201d"},"content":{"rendered":"<figure id=\"attachment_5076\" aria-describedby=\"caption-attachment-5076\" style=\"width: 700px\" class=\"wp-caption alignnone\"><img loading=\"lazy\" decoding=\"async\" class=\" size-full wp-image-5076\" src=\"http:\/\/www.rincondelbulla.cl\/portal\/wp-content\/uploads\/2013\/05\/d1deef8dee01d5d2c493d994a6aefb8e.jpg\" alt=\"\" class=\"caption\" title=\"Foto: Patricio Gonz\u00e1lez\" width=\"700\" height=\"396\" srcset=\"http:\/\/www.rincondelbulla.cl\/portal\/wp-content\/uploads\/2013\/05\/d1deef8dee01d5d2c493d994a6aefb8e.jpg 700w, http:\/\/www.rincondelbulla.cl\/portal\/wp-content\/uploads\/2013\/05\/d1deef8dee01d5d2c493d994a6aefb8e-300x170.jpg 300w, http:\/\/www.rincondelbulla.cl\/portal\/wp-content\/uploads\/2013\/05\/d1deef8dee01d5d2c493d994a6aefb8e-696x394.jpg 696w\" sizes=\"auto, (max-width: 700px) 100vw, 700px\" \/><figcaption id=\"caption-attachment-5076\" class=\"wp-caption-text\">Foto: Patricio Gonz\u00e1lez<\/figcaption><\/figure>\n<p><strong>El ariete de Universidad de Chile analiz\u00f3 esta especie de revancha que deber\u00e1n enfrentar ante la Cat\u00f3lica (domingo, 12:00 horas; San Carlos) para seguir con opciones al t\u00edtulo y asegur\u00f3 que no desconf\u00eda del profesionalismo del archirrival albo si los azules definen en paralelo el campeonato con Uni\u00f3n Espa\u00f1ola. <!--more--> <\/strong>En Universidad de Chile se mentalizan para un nuevo cl\u00e1sico ante la Cat\u00f3lica este domingo. En una especie de remake de la final de Copa Chile, los azules esperan que el desenlace de la historia sea el mismo que en Temuco.<\/p>\n<p><strong>\u201cSer\u00e1 un partido dif\u00edcil como la final de la Copa Chile. El que pierda queda fuera de la carrera por el t\u00edtulo. Por eso es muy importante ganar para seguir con aspiraciones hasta la \u00faltima fecha\u201d<\/strong>, dijo C\u00e9sar Cort\u00e9s.<\/p>\n<p>El delantero agreg\u00f3 que <strong>\u201cva a ser un partido totalmente distinto. Si no tienen expulsados, seguramente van a ir a buscar muchos m\u00e1s y nosotros tenemos que estar a la altura y tratar de ocupar esos espacios\u201d<\/strong>.<\/p>\n<p>Adem\u00e1s, el ex Huachipato hixo una autocr\u00edtica respecto al desempe\u00f1o que los tiene mirando desde atr\u00e1s y necesitando que quitarle puntos a la UC, y esperar que se caiga Uni\u00f3n Espa\u00f1ola y O\u2019Higgins.<\/p>\n<p><strong>\u201cNosotros tuvimos nuestras opciones. En el partido con Antofagasta tuvimos la oportunidad de quedar punteros, no ganamos y nos toca remar desde atr\u00e1s. Es m\u00e1s complicado porque no dependemos de nosotros, pero mientras tengamos posibilidades seguiremos luchando por el campeonato\u201d<\/strong>, asegur\u00f3.<\/p>\n<p>Por \u00faltimo, y respecto al papel fundamental que jugar\u00e1 Colo Colo como actor secundario en la definici\u00f3n del t\u00edtulo, Cort\u00e9s duda que los albos salgan a perder en la \u00faltima jornada ante los hispanos para perjudicar las aspiraciones de la U, esto, pensando s\u00f3lo si le ganan a los de La Franja en la fecha 16.<\/p>\n<p><strong>\u201cNo creo que se dejen perder y tampoco que quieran que den la vuelta ol\u00edmpica delante de ellos, no creo que el jugador de Colo Colo quiera verlo. Es muy dif\u00edcil que un futbolista salga a perder\u201d<\/strong>, expuso.<\/p>\n<p>Cerr\u00f3 complementando que <strong>\u201chablar\u00eda muy mal de ellos, se sentir\u00edan mal si no hacen lo suficiente para ganar, que es lo que corresponde\u201d.<\/strong><\/p>\n<p><strong>Fuente: Red Gol<\/strong><\/p>\n","protected":false},"excerpt":{"rendered":"<p>El ariete de Universidad de Chile analiz\u00f3 esta especie de revancha que deber\u00e1n enfrentar ante la Cat\u00f3lica (domingo, 12:00 horas; San Carlos) para seguir con opciones al t\u00edtulo y asegur\u00f3 que no desconf\u00eda del profesionalismo del archirrival albo si los azules definen en paralelo el campeonato con Uni\u00f3n Espa\u00f1ola.<\/p>\n","protected":false},"author":56,"featured_media":5076,"comment_status":"open","ping_status":"open","sticky":false,"template":"","format":"standard","meta":{"footnotes":""},"categories":[18],"tags":[],"class_list":{"0":"post-3468","1":"post","2":"type-post","3":"status-publish","4":"format-standard","5":"has-post-thumbnail","7":"category-actualidad"},"_links":{"self":[{"href":"http:\/\/www.rincondelbulla.cl\/portal\/wp-json\/wp\/v2\/posts\/3468","targetHints":{"allow":["GET"]}}],"collection":[{"href":"http:\/\/www.rincondelbulla.cl\/portal\/wp-json\/wp\/v2\/posts"}],"about":[{"href":"http:\/\/www.rincondelbulla.cl\/portal\/wp-json\/wp\/v2\/types\/post"}],"author":[{"embeddable":true,"href":"http:\/\/www.rincondelbulla.cl\/portal\/wp-json\/wp\/v2\/users\/56"}],"replies":[{"embeddable":true,"href":"http:\/\/www.rincondelbulla.cl\/portal\/wp-json\/wp\/v2\/comments?post=3468"}],"version-history":[{"count":0,"href":"http:\/\/www.rincondelbulla.cl\/portal\/wp-json\/wp\/v2\/posts\/3468\/revisions"}],"wp:featuredmedia":[{"embeddable":true,"href":"http:\/\/www.rincondelbulla.cl\/portal\/wp-json\/wp\/v2\/media\/5076"}],"wp:attachment":[{"href":"http:\/\/www.rincondelbulla.cl\/portal\/wp-json\/wp\/v2\/media?parent=3468"}],"wp:term":[{"taxonomy":"category","embeddable":true,"href":"http:\/\/www.rincondelbulla.cl\/portal\/wp-json\/wp\/v2\/categories?post=3468"},{"taxonomy":"post_tag","embeddable":true,"href":"http:\/\/www.rincondelbulla.cl\/portal\/wp-json\/wp\/v2\/tags?post=3468"}],"curies":[{"name":"wp","href":"https:\/\/api.w.org\/{rel}","templated":true}]}}