{"id":3469,"date":"2013-05-17T01:29:25","date_gmt":"2013-05-17T01:29:25","guid":{"rendered":"http:\/\/www.rincondelbulla.cl\/portal\/?p=3469"},"modified":"2013-05-17T01:29:25","modified_gmt":"2013-05-17T01:29:25","slug":"al-estadio-de-la-u-no-lo-quiere-ni-el-gobierno","status":"publish","type":"post","link":"http:\/\/www.rincondelbulla.cl\/portal\/2013\/05\/17\/al-estadio-de-la-u-no-lo-quiere-ni-el-gobierno\/","title":{"rendered":"Al estadio de la U no lo quiere ni el gobierno"},"content":{"rendered":"<p><img loading=\"lazy\" decoding=\"async\" class=\" size-full wp-image-5077\" src=\"http:\/\/www.rincondelbulla.cl\/portal\/wp-content\/uploads\/2013\/05\/f5b95525832f3712e665bb57dba370d3.jpg\" alt=\"\" width=\"700\" height=\"396\" srcset=\"http:\/\/www.rincondelbulla.cl\/portal\/wp-content\/uploads\/2013\/05\/f5b95525832f3712e665bb57dba370d3.jpg 700w, http:\/\/www.rincondelbulla.cl\/portal\/wp-content\/uploads\/2013\/05\/f5b95525832f3712e665bb57dba370d3-300x170.jpg 300w, http:\/\/www.rincondelbulla.cl\/portal\/wp-content\/uploads\/2013\/05\/f5b95525832f3712e665bb57dba370d3-696x394.jpg 696w\" sizes=\"auto, (max-width: 700px) 100vw, 700px\" \/><\/p>\n<p><strong>El ejecutivo derrumb\u00f3 las ilusiones de Azul Azul de construir un estadio al lado del coliseo \u00d1u\u00f1oino. <!--more--> <\/strong>El estadio de Universidad de Chile sufri\u00f3 un nuevo rev\u00e9s, y la fanaticada de los azules deber\u00e1 seguir esperando la construcci\u00f3n de un recinto propio. Ya conocidos son los problemas que ha encontrado Azul Azul para encontrar un terreno, y ahora, la negativa vino desde el Gobierno.<\/p>\n<p>Tras no conseguir los permisos de varias municipalidades, la comisi\u00f3n que preside Federico Vald\u00e9s ide\u00f3 proponer la edificaci\u00f3n de otro coloso dentro de las dependencias del Estadio Nacional, para lo que se contactaron con el subsecretario de Deportes, Gabriel Ruiz-Tagle.<\/p>\n<p>El personero de Gobierno rechazo de plano las negociaciones, aludiendo a la cantidad de obras que se realizan en los terrenos del nacional para erigir la infraestructura para los Juegos Odesur 2014.<\/p>\n<p>Los laicos esperaban poder conseguir un estadio para 30 mil espectadores, con el terreno ubicado la parte sur poniente entre Avenida Marathon y Guillermo Mann, donde est\u00e1 el sector de parque y quinchos, esto, en comodato por al menos 35 a\u00f1os.<\/p>\n<p>Otro punto de la negociaci\u00f3n, era hacerse cargo en conjunto de la administraci\u00f3n del coliseo central y el estadio azul, adem\u00e1s de comprometerse a financiar parte de la remodelaci\u00f3n que resta del principal reducto del f\u00fatbol nacional.<\/p>\n<p>Ante la negativa, Jos\u00e9 Yuraszeck intent\u00f3 la mediaci\u00f3n de la vocera de Gobierno, Cecilia P\u00e9rez, confesa seguidora de Universidad de Chile, pero seg\u00fan inform\u00f3 El Mercurio, la ex intendenta tuvo que comunicarle al timonel de Azul Azul que el Presidente de la Rep\u00fablica, Sebasti\u00e1n Pi\u00f1era, no tiene intenciones de hacer sociedades con privados para la administraci\u00f3n de recintos de car\u00e1cter p\u00fablico.<\/p>\n<p><span id=\"_mce_caret\" data-mce-bogus=\"true\"><strong>Fuente: Red Gol<\/strong><\/span><\/p>\n","protected":false},"excerpt":{"rendered":"<p>El ejecutivo derrumb\u00f3 las ilusiones de Azul Azul de construir un estadio al lado del coliseo \u00d1u\u00f1oino.<\/p>\n","protected":false},"author":56,"featured_media":5077,"comment_status":"open","ping_status":"open","sticky":false,"template":"","format":"standard","meta":{"footnotes":""},"categories":[18],"tags":[],"class_list":{"0":"post-3469","1":"post","2":"type-post","3":"status-publish","4":"format-standard","5":"has-post-thumbnail","7":"category-actualidad"},"_links":{"self":[{"href":"http:\/\/www.rincondelbulla.cl\/portal\/wp-json\/wp\/v2\/posts\/3469","targetHints":{"allow":["GET"]}}],"collection":[{"href":"http:\/\/www.rincondelbulla.cl\/portal\/wp-json\/wp\/v2\/posts"}],"about":[{"href":"http:\/\/www.rincondelbulla.cl\/portal\/wp-json\/wp\/v2\/types\/post"}],"author":[{"embeddable":true,"href":"http:\/\/www.rincondelbulla.cl\/portal\/wp-json\/wp\/v2\/users\/56"}],"replies":[{"embeddable":true,"href":"http:\/\/www.rincondelbulla.cl\/portal\/wp-json\/wp\/v2\/comments?post=3469"}],"version-history":[{"count":0,"href":"http:\/\/www.rincondelbulla.cl\/portal\/wp-json\/wp\/v2\/posts\/3469\/revisions"}],"wp:featuredmedia":[{"embeddable":true,"href":"http:\/\/www.rincondelbulla.cl\/portal\/wp-json\/wp\/v2\/media\/5077"}],"wp:attachment":[{"href":"http:\/\/www.rincondelbulla.cl\/portal\/wp-json\/wp\/v2\/media?parent=3469"}],"wp:term":[{"taxonomy":"category","embeddable":true,"href":"http:\/\/www.rincondelbulla.cl\/portal\/wp-json\/wp\/v2\/categories?post=3469"},{"taxonomy":"post_tag","embeddable":true,"href":"http:\/\/www.rincondelbulla.cl\/portal\/wp-json\/wp\/v2\/tags?post=3469"}],"curies":[{"name":"wp","href":"https:\/\/api.w.org\/{rel}","templated":true}]}}