{"id":3470,"date":"2013-05-17T02:04:38","date_gmt":"2013-05-17T02:04:38","guid":{"rendered":"http:\/\/www.rincondelbulla.cl\/portal\/?p=3470"},"modified":"2013-05-17T02:04:38","modified_gmt":"2013-05-17T02:04:38","slug":"isaac-diaz-quiere-ganarle-a-la-uc-y-arruinarle-la-fiesta-su-gente","status":"publish","type":"post","link":"http:\/\/www.rincondelbulla.cl\/portal\/2013\/05\/17\/isaac-diaz-quiere-ganarle-a-la-uc-y-arruinarle-la-fiesta-su-gente\/","title":{"rendered":"Isaac D\u00edaz quiere ganarle a la UC y arruinarle la fiesta su gente"},"content":{"rendered":"<figure id=\"attachment_5078\" aria-describedby=\"caption-attachment-5078\" style=\"width: 960px\" class=\"wp-caption alignnone\"><img loading=\"lazy\" decoding=\"async\" class=\" size-full wp-image-5078\" src=\"http:\/\/www.rincondelbulla.cl\/portal\/wp-content\/uploads\/2013\/05\/5e6cdcb268db756e4dc23fec27d877da.jpg\" alt=\"\" class=\"caption\" title=\"Foto: Patricio Gonz\u00e1lez\" width=\"960\" height=\"640\" srcset=\"http:\/\/www.rincondelbulla.cl\/portal\/wp-content\/uploads\/2013\/05\/5e6cdcb268db756e4dc23fec27d877da.jpg 960w, http:\/\/www.rincondelbulla.cl\/portal\/wp-content\/uploads\/2013\/05\/5e6cdcb268db756e4dc23fec27d877da-300x200.jpg 300w, http:\/\/www.rincondelbulla.cl\/portal\/wp-content\/uploads\/2013\/05\/5e6cdcb268db756e4dc23fec27d877da-768x512.jpg 768w, http:\/\/www.rincondelbulla.cl\/portal\/wp-content\/uploads\/2013\/05\/5e6cdcb268db756e4dc23fec27d877da-696x464.jpg 696w, http:\/\/www.rincondelbulla.cl\/portal\/wp-content\/uploads\/2013\/05\/5e6cdcb268db756e4dc23fec27d877da-630x420.jpg 630w\" sizes=\"auto, (max-width: 960px) 100vw, 960px\" \/><figcaption id=\"caption-attachment-5078\" class=\"wp-caption-text\">Foto: Patricio Gonz\u00e1lez<\/figcaption><\/figure>\n<p><strong>Para el ariete de Universidad de Chile el cl\u00e1sico universitario de este domingo es una final. <!--more--> <\/strong>En Universidad de Chile ya palpitan el cl\u00e1sico n\u00famero 176 ante Universidad Cat\u00f3lica y lo asumen como una verdadera final. As\u00ed lo expres\u00f3 el delantero Isaac D\u00edaz, quien afirm\u00f3 que ser\u00eda \u00abm\u00e1s lindo\u00bb dejar fuera de la carrera por el t\u00edtulo a los cruzados con su hinchada repletando San Carlos de Apoquindo.<\/p>\n<p><strong>\u00abEs m\u00e1s lindo ir a ganarle a Cat\u00f3lica con su gente\u00bb,<\/strong> indic\u00f3 el oriundo de Fresia, en relaci\u00f3n a los 700 boletos que se dispusieron para la afici\u00f3n azul, a\u00f1adiendo que<strong> \u00abdonde vamos nos sentimos como en casa. Si bien all\u00e1 va a haber poca gente de la U, sabemos que nos van a estar apoyando y queremos ganar ese partido\u00bb<\/strong>.<\/p>\n<p>Asimismo, el otrora goleador de \u00d1ublense precis\u00f3 que el duelo con los de la franja ser\u00e1<strong> \u00abuna final m\u00e1s, como la que se jug\u00f3 por Copa Chile&#8230; Los dos equipos tenemos que arriesgar m\u00e1s, porque el que pierde se despide del Campeonato\u00bb.<\/strong><\/p>\n<p>Adem\u00e1s, sostuvo que no se sienten \u00absuperiores\u00bb a los dirigidos por Mart\u00edn Lasarte, desechando un cierto favoritismo por la victoria conseguida en el d\u00faltimo choque.<strong> \u00abEllos tienen muy buenos jugadores; arriba son muy r\u00e1pidos, en defensa andan bien y en el medio tienen a (Carlos) Villanueva, que maneja muy bien la pelota\u00bb.<\/strong><\/p>\n<p>No obstante, precis\u00f3 que en ese \u00faltimo cruce <strong>\u00abla expulsi\u00f3n de Gonzalo Sep\u00falveda nos favoreci\u00f3 muncho, pero cuando estabamos 11 contra 11, siento que a\u00fan as\u00ed eramos superiores\u00bb.<\/strong><\/p>\n<p><strong>&nbsp;A\u00fan duele la derrota con Antofagasta<\/strong><\/p>\n<p>D\u00edaz, quien se ha afirmado como titular en la escuadra de Dar\u00edo Franco, reconoci\u00f3 que en el plantel a\u00fan duele la ca\u00edda con Antofagasta (4-2), donde tuvieron la gran chance de conquistar la cima.<\/p>\n<p><strong>\u00abSiento que contra Antofagasta dejamos escapar una muy buena opci\u00f3n para obtener el Campeonato\u00bb<\/strong>, confes\u00f3.<\/p>\n<p>Pese a lo anterior, afirm\u00f3 que tienen claro que ahora deben<strong> \u00abganar los dos partidos que nos quedan&#8230; Preocuparnos de eso y de ah\u00ed esperar que ellos (Uni\u00f3n Espa\u00f1ola y O&#8217;Higgins) se caigan\u00bb<\/strong>.<\/p>\n<p>Por \u00faltimo, sostuvo que en el equipo no se habla Colo Colo y de c\u00f3mo afrontar\u00e1 la \u00faltima fecha ante los \u00abhispanos\u00bb, y que a su juicio, el partido decisivo de los dirigidos por Jos\u00e9 Luis Sierra ser\u00e1 este s\u00e1bado ante Palestino.<\/p>\n<p><strong>\u00abSi ellos pueden ganar lo van a hacer, si no es as\u00ed, nosotros nos vamos a preocupar de ganar los dos partidos&#8230; Contra Palestino es donde Uni\u00f3n se tendr\u00eda que caer\u00bb<\/strong>, complet\u00f3.<\/p>\n<p>&nbsp;<\/p>\n<p><span id=\"_mce_caret\" data-mce-bogus=\"true\"><strong>Fuente: Cooperativa<\/strong><\/span><\/p>\n","protected":false},"excerpt":{"rendered":"<p>Para el ariete de Universidad de Chile el cl\u00e1sico universitario de este domingo es una final.<\/p>\n","protected":false},"author":56,"featured_media":5078,"comment_status":"open","ping_status":"open","sticky":false,"template":"","format":"standard","meta":{"footnotes":""},"categories":[18],"tags":[],"class_list":{"0":"post-3470","1":"post","2":"type-post","3":"status-publish","4":"format-standard","5":"has-post-thumbnail","7":"category-actualidad"},"_links":{"self":[{"href":"http:\/\/www.rincondelbulla.cl\/portal\/wp-json\/wp\/v2\/posts\/3470","targetHints":{"allow":["GET"]}}],"collection":[{"href":"http:\/\/www.rincondelbulla.cl\/portal\/wp-json\/wp\/v2\/posts"}],"about":[{"href":"http:\/\/www.rincondelbulla.cl\/portal\/wp-json\/wp\/v2\/types\/post"}],"author":[{"embeddable":true,"href":"http:\/\/www.rincondelbulla.cl\/portal\/wp-json\/wp\/v2\/users\/56"}],"replies":[{"embeddable":true,"href":"http:\/\/www.rincondelbulla.cl\/portal\/wp-json\/wp\/v2\/comments?post=3470"}],"version-history":[{"count":0,"href":"http:\/\/www.rincondelbulla.cl\/portal\/wp-json\/wp\/v2\/posts\/3470\/revisions"}],"wp:featuredmedia":[{"embeddable":true,"href":"http:\/\/www.rincondelbulla.cl\/portal\/wp-json\/wp\/v2\/media\/5078"}],"wp:attachment":[{"href":"http:\/\/www.rincondelbulla.cl\/portal\/wp-json\/wp\/v2\/media?parent=3470"}],"wp:term":[{"taxonomy":"category","embeddable":true,"href":"http:\/\/www.rincondelbulla.cl\/portal\/wp-json\/wp\/v2\/categories?post=3470"},{"taxonomy":"post_tag","embeddable":true,"href":"http:\/\/www.rincondelbulla.cl\/portal\/wp-json\/wp\/v2\/tags?post=3470"}],"curies":[{"name":"wp","href":"https:\/\/api.w.org\/{rel}","templated":true}]}}