{"id":3471,"date":"2013-05-19T00:47:38","date_gmt":"2013-05-19T00:47:38","guid":{"rendered":"http:\/\/www.rincondelbulla.cl\/portal\/?p=3471"},"modified":"2013-05-19T00:47:38","modified_gmt":"2013-05-19T00:47:38","slug":"la-previa-la-u-visita-san-carlos-sonando-con-el-campeonato","status":"publish","type":"post","link":"http:\/\/www.rincondelbulla.cl\/portal\/2013\/05\/19\/la-previa-la-u-visita-san-carlos-sonando-con-el-campeonato\/","title":{"rendered":"La Previa: La \u201cU\u201d visita San Carlos so\u00f1ando con el campeonato"},"content":{"rendered":"<p><img loading=\"lazy\" decoding=\"async\" class=\" size-full wp-image-5079\" src=\"http:\/\/www.rincondelbulla.cl\/portal\/wp-content\/uploads\/2013\/05\/7a49b291438247a3694ae6d80802eedb.jpg\" alt=\"\" width=\"900\" height=\"600\" srcset=\"http:\/\/www.rincondelbulla.cl\/portal\/wp-content\/uploads\/2013\/05\/7a49b291438247a3694ae6d80802eedb.jpg 900w, http:\/\/www.rincondelbulla.cl\/portal\/wp-content\/uploads\/2013\/05\/7a49b291438247a3694ae6d80802eedb-300x200.jpg 300w, http:\/\/www.rincondelbulla.cl\/portal\/wp-content\/uploads\/2013\/05\/7a49b291438247a3694ae6d80802eedb-768x512.jpg 768w, http:\/\/www.rincondelbulla.cl\/portal\/wp-content\/uploads\/2013\/05\/7a49b291438247a3694ae6d80802eedb-696x464.jpg 696w, http:\/\/www.rincondelbulla.cl\/portal\/wp-content\/uploads\/2013\/05\/7a49b291438247a3694ae6d80802eedb-630x420.jpg 630w\" sizes=\"auto, (max-width: 900px) 100vw, 900px\" \/><\/p>\n<p><strong>En una nueva edici\u00f3n del cl\u00e1sico universitario, azules y cruzados se ver\u00e1n las caras en San Carlos de Apoquindo en un partido que determinar\u00e1 qui\u00e9n de los dos pelear\u00e1 hasta la \u00faltima fecha por el t\u00edtulo. <!--more--> Por Enrique Moreno | Twitter: @EnriqueMorenoS<\/strong><\/p>\n<p>Por tercera vez en su historia de forma oficial la \u201cU\u201d visitar\u00e1 el estadio San Carlos de Apoquindo. Ya lo hizo por primera vez por las semifinales del Clausura 2011, con un positivo resultado de 2-1, y en el Apertura 2012, cayendo por 2-1 con un equipo que estuvo conformado principalmente por suplentes.<\/p>\n<p>Pero de todos, quiz\u00e1s el de este domingo ser\u00e1 el de mayor trascendencia, ya que definir\u00e1 a qui\u00e9n pelear\u00e1 el campeonato hasta la \u00faltima fecha junto a Uni\u00f3n: de ganar la \u201cU\u201d alcanzar\u00eda los 35 puntos y se mantendr\u00eda con opcione; lo mismo en el caso de la UC, que con un triunfo llegar\u00eda a 36 unidades; el empate, en cambio, dejar\u00eda a ambos virtualmente sin opciones de alcanzar el t\u00edtulo.<\/p>\n<p>Pero no s\u00f3lo el t\u00edtulo estar\u00e1 en juego, ya que con la final de Copa Chile ganada por la \u201cU\u201d a\u00fan caliente, los cruzados querr\u00e1n tomarse revancha en este partido.<\/p>\n<p>Por otra parte, este partido tambi\u00e9n podr\u00eda determinar la continuidad de los t\u00e9cnicos de ambas escuadras, quienes han sufrido de cr\u00edticas por parte de sus hinchas por su irregularidad.<\/p>\n<p>En cuanto a la formaci\u00f3n, Dar\u00edo Franco pareciera que por fin encontr\u00f3 su once ideal, ya que repetir\u00eda a los que aline\u00f3 contra \u00d1ublense, donde destacan la consolidaci\u00f3n como titular de jugadores antes relegados, como Vel\u00e1zquez, Duma, D\u00edaz y Cort\u00e9s, y de la utilizaci\u00f3n definitiva de Lorenzetti como enganche, su puesto natural. De esta manera, partir\u00eda con: Herrera; Vel\u00e1zquez, Acevedo, Rojas, Mena; Mart\u00ednez, Ar\u00e1nguiz; Lorenzetti; Duma, D\u00edaz y Cort\u00e9s.<\/p>\n<p>En la vereda del frente, esta semana recibieron la noticia de que Fernando Meneses, jugador fundamental para el esquema de Lasarte, se rompi\u00f3 los meniscos, por lo que ser\u00e1 una sensible baja para el domingo. Entre las novedades tendr\u00e1 la incorporaci\u00f3n desde el comienzo de Milovan Mirosevic y Alfonso Parot, mientras que la \u00fanica duda ser\u00eda la inclusi\u00f3n de Carlos Bueno o Nicol\u00e1s Castillo como segundo delantero, pero todo indicar\u00eda que el delantero sub 20 se impondr\u00e1. As\u00ed, los once titulares de la UC ser\u00edan: Toselli; \u00c1lvarez, Mart\u00ednez, And\u00eda, Parot; R\u00edos, Mirosevic, Costa, Cordero; Sosa y Castillo.<\/p>\n<p>En cuanto a lo extrafutbol\u00edstico, la dirigencia de Cat\u00f3lica decidi\u00f3 poner a la venta s\u00f3lo 12 mil entradas de las 14 mil que tiene habilitadas San Carlos de Apoquindo.<\/p>\n<p>Esto termin\u00f3 afectando a la parcialidad azul, pues tuvo a su disposici\u00f3n la escasa cantidad de 600 entradas (las que se agotaron en minutos), pudiendo haber tenido m\u00e1s de mil, como fue los dos a\u00f1os anteriores en que all\u00ed se jug\u00f3.<\/p>\n<p>En ell historial se evidencia una clara supremac\u00eda de la \u201cU\u201d, ya que de 175 partidos jugados por el Torneo Nacional, los azules se impusieron en 65 partidos, igualaron en 60 y perdi\u00f3 en 50, completando un rendimiento de 54%.<\/p>\n<p>El arbitraje correr\u00e1 por cuenta de Jorge Osorio y ser\u00e1 transmisi\u00f3n de CDF Premium desde las 11 horas. Tambi\u00e9n puedes seguir el minuto a minuto desde el Fanpage de Rinc\u00f3n del Bulla.<\/p>\n<p>&nbsp;<\/p>\n","protected":false},"excerpt":{"rendered":"<p>En una nueva edici\u00f3n del cl\u00e1sico universitario, azules y cruzados se ver\u00e1n las caras en San Carlos de Apoquindo en un partido que determinar\u00e1 qui\u00e9n de los dos pelear\u00e1 hasta la \u00faltima fecha por el t\u00edtulo.<\/p>\n","protected":false},"author":56,"featured_media":5079,"comment_status":"open","ping_status":"open","sticky":false,"template":"","format":"standard","meta":{"footnotes":""},"categories":[18],"tags":[],"class_list":{"0":"post-3471","1":"post","2":"type-post","3":"status-publish","4":"format-standard","5":"has-post-thumbnail","7":"category-actualidad"},"_links":{"self":[{"href":"http:\/\/www.rincondelbulla.cl\/portal\/wp-json\/wp\/v2\/posts\/3471","targetHints":{"allow":["GET"]}}],"collection":[{"href":"http:\/\/www.rincondelbulla.cl\/portal\/wp-json\/wp\/v2\/posts"}],"about":[{"href":"http:\/\/www.rincondelbulla.cl\/portal\/wp-json\/wp\/v2\/types\/post"}],"author":[{"embeddable":true,"href":"http:\/\/www.rincondelbulla.cl\/portal\/wp-json\/wp\/v2\/users\/56"}],"replies":[{"embeddable":true,"href":"http:\/\/www.rincondelbulla.cl\/portal\/wp-json\/wp\/v2\/comments?post=3471"}],"version-history":[{"count":0,"href":"http:\/\/www.rincondelbulla.cl\/portal\/wp-json\/wp\/v2\/posts\/3471\/revisions"}],"wp:featuredmedia":[{"embeddable":true,"href":"http:\/\/www.rincondelbulla.cl\/portal\/wp-json\/wp\/v2\/media\/5079"}],"wp:attachment":[{"href":"http:\/\/www.rincondelbulla.cl\/portal\/wp-json\/wp\/v2\/media?parent=3471"}],"wp:term":[{"taxonomy":"category","embeddable":true,"href":"http:\/\/www.rincondelbulla.cl\/portal\/wp-json\/wp\/v2\/categories?post=3471"},{"taxonomy":"post_tag","embeddable":true,"href":"http:\/\/www.rincondelbulla.cl\/portal\/wp-json\/wp\/v2\/tags?post=3471"}],"curies":[{"name":"wp","href":"https:\/\/api.w.org\/{rel}","templated":true}]}}