{"id":3476,"date":"2013-05-24T11:53:31","date_gmt":"2013-05-24T11:53:31","guid":{"rendered":"http:\/\/www.rincondelbulla.cl\/portal\/?p=3476"},"modified":"2013-05-24T11:53:31","modified_gmt":"2013-05-24T11:53:31","slug":"pese-a-la-negativa-de-algunos-hinchas-guillermo-marino-parte-del-bulla-gracias-marino","status":"publish","type":"post","link":"http:\/\/www.rincondelbulla.cl\/portal\/2013\/05\/24\/pese-a-la-negativa-de-algunos-hinchas-guillermo-marino-parte-del-bulla-gracias-marino\/","title":{"rendered":"Pese a la negativa de algunos hinchas, Guillermo Marino parte del Bulla: \u00a1\u00a1\u00a1Gracias Marino!!!"},"content":{"rendered":"<p><img loading=\"lazy\" decoding=\"async\" class=\" size-full wp-image-5082\" src=\"http:\/\/www.rincondelbulla.cl\/portal\/wp-content\/uploads\/2013\/05\/0647a6ce9fdb90a9ec50f1f223793960.jpg\" alt=\"\" width=\"700\" height=\"396\" srcset=\"http:\/\/www.rincondelbulla.cl\/portal\/wp-content\/uploads\/2013\/05\/0647a6ce9fdb90a9ec50f1f223793960.jpg 700w, http:\/\/www.rincondelbulla.cl\/portal\/wp-content\/uploads\/2013\/05\/0647a6ce9fdb90a9ec50f1f223793960-300x170.jpg 300w, http:\/\/www.rincondelbulla.cl\/portal\/wp-content\/uploads\/2013\/05\/0647a6ce9fdb90a9ec50f1f223793960-696x394.jpg 696w\" sizes=\"auto, (max-width: 700px) 100vw, 700px\" \/><\/p>\n<p><strong>Algo que se se ve\u00eda venir se concret\u00f3 e d\u00eda de ayer, Guillermo Marino reconoci\u00f3 ante los medio de prensa que la dirigencia de Univerasidad de Chile no renovar\u00e1 su cntrato, de esta manera el mediocampista azul deber\u00e1 buscar otros rumbos. \u00abMe voy por la puerta grnade de Universidad de Chile\u00bb, declar\u00f3 el argentino. La partida de Guillermo Marino se suma a la ya confirmada salida del Club del actual segundo arquero Paulo Garc\u00e9s.<\/strong><\/p>\n<p>Guillermo Marino confirm\u00f3 que no renovar\u00e1 contrato con la U y que su paso por los azules se terminar\u00e1 luego del partido ante Rangers, por la \u00faltima fecha del torneo nacional.<\/p>\n<p>El volante coment\u00f3 en conferencia de prensa, que su historia con la U finaliz\u00f3 de la mejor forma posible y que se va habiendo logrado mucho. Adem\u00e1s, confes\u00f3 que cumpli\u00f3 todas sus metas y que se va con la puerta abierta.<\/p>\n<p><strong>\u201cMe voy feliz y en paz por todo lo que se ha logrado en este tiempo, en estos tres a\u00f1os que yo conviv\u00ed en el club. Me voy completo futbol\u00edsticamente y emocionalmente. Creo que es una etapa que termina, exitosa en todo sentido y que sin duda me voy por la puerta grande y que queda abierta\u201d<\/strong>, explic\u00f3.<\/p>\n<p>Adem\u00e1s, coment\u00f3 que se ir\u00e1 con los mejores recuerdos de la camiseta azul y que tiene algo de pena, porque cerr\u00f3 un ciclo que lo involucr\u00f3 emocionalmente.<\/p>\n<p>Adem\u00e1s, agradeci\u00f3 la paciencia que tuvo la gente de la U en su complicado inicio en el club.<\/p>\n<p><strong>\u201cMe voy con tristeza porque termina el ciclo y por dejar el club, y tambi\u00e9n feliz por todo lo que se ha logrado en el club. Tengo que agradecer la paciencia de la gente. Encontr\u00e9 un club donde pude desarrollar mi juego y pudieron entenderlo, cosa que no me hab\u00eda pasado en otra instituci\u00f3n y pude crecer\u201d,<\/strong> agreg\u00f3.<\/p>\n<p>&nbsp;<\/p>\n<p><strong>Fuente: Red Gol<\/strong><\/p>\n<p>&nbsp;<\/p>\n","protected":false},"excerpt":{"rendered":"<p>Algo que se se ve\u00eda venir se concret\u00f3 e d\u00eda de ayer, Guillermo Marino reconoci\u00f3 ante los medio de prensa que la dirigencia de Univerasidad de Chile no renovar\u00e1 su cntrato, de esta manera el mediocampista azul deber\u00e1 buscar otros rumbos. \u00abMe voy por la puerta grnade de Universidad de Chile\u00bb, declar\u00f3 el argentino. La [&#8230;]<\/p>\n","protected":false},"author":56,"featured_media":5082,"comment_status":"open","ping_status":"open","sticky":false,"template":"","format":"standard","meta":{"footnotes":""},"categories":[18],"tags":[],"class_list":{"0":"post-3476","1":"post","2":"type-post","3":"status-publish","4":"format-standard","5":"has-post-thumbnail","7":"category-actualidad"},"_links":{"self":[{"href":"http:\/\/www.rincondelbulla.cl\/portal\/wp-json\/wp\/v2\/posts\/3476","targetHints":{"allow":["GET"]}}],"collection":[{"href":"http:\/\/www.rincondelbulla.cl\/portal\/wp-json\/wp\/v2\/posts"}],"about":[{"href":"http:\/\/www.rincondelbulla.cl\/portal\/wp-json\/wp\/v2\/types\/post"}],"author":[{"embeddable":true,"href":"http:\/\/www.rincondelbulla.cl\/portal\/wp-json\/wp\/v2\/users\/56"}],"replies":[{"embeddable":true,"href":"http:\/\/www.rincondelbulla.cl\/portal\/wp-json\/wp\/v2\/comments?post=3476"}],"version-history":[{"count":0,"href":"http:\/\/www.rincondelbulla.cl\/portal\/wp-json\/wp\/v2\/posts\/3476\/revisions"}],"wp:featuredmedia":[{"embeddable":true,"href":"http:\/\/www.rincondelbulla.cl\/portal\/wp-json\/wp\/v2\/media\/5082"}],"wp:attachment":[{"href":"http:\/\/www.rincondelbulla.cl\/portal\/wp-json\/wp\/v2\/media?parent=3476"}],"wp:term":[{"taxonomy":"category","embeddable":true,"href":"http:\/\/www.rincondelbulla.cl\/portal\/wp-json\/wp\/v2\/categories?post=3476"},{"taxonomy":"post_tag","embeddable":true,"href":"http:\/\/www.rincondelbulla.cl\/portal\/wp-json\/wp\/v2\/tags?post=3476"}],"curies":[{"name":"wp","href":"https:\/\/api.w.org\/{rel}","templated":true}]}}