{"id":3477,"date":"2013-05-24T12:18:52","date_gmt":"2013-05-24T12:18:52","guid":{"rendered":"http:\/\/www.rincondelbulla.cl\/portal\/?p=3477"},"modified":"2013-05-24T12:18:52","modified_gmt":"2013-05-24T12:18:52","slug":"palote-olivera-esta-feliz-con-la-opcion-de-volver-a-la-u","status":"publish","type":"post","link":"http:\/\/www.rincondelbulla.cl\/portal\/2013\/05\/24\/palote-olivera-esta-feliz-con-la-opcion-de-volver-a-la-u\/","title":{"rendered":"\u00abPalote\u00bb Olivera est\u00e1 feliz con la opci\u00f3n de volver a la U"},"content":{"rendered":"<figure id=\"attachment_5083\" aria-describedby=\"caption-attachment-5083\" style=\"width: 600px\" class=\"wp-caption alignnone\"><img loading=\"lazy\" decoding=\"async\" class=\" size-full wp-image-5083\" src=\"http:\/\/www.rincondelbulla.cl\/portal\/wp-content\/uploads\/2013\/05\/f01ce502715837920e87942116372980.jpg\" alt=\"\" class=\"caption\" title=\"Foto: Google\" width=\"600\" height=\"400\" srcset=\"http:\/\/www.rincondelbulla.cl\/portal\/wp-content\/uploads\/2013\/05\/f01ce502715837920e87942116372980.jpg 600w, http:\/\/www.rincondelbulla.cl\/portal\/wp-content\/uploads\/2013\/05\/f01ce502715837920e87942116372980-300x200.jpg 300w\" sizes=\"auto, (max-width: 600px) 100vw, 600px\" \/><figcaption id=\"caption-attachment-5083\" class=\"wp-caption-text\">Foto: Google<\/figcaption><\/figure>\n<p><strong>Desde Uruguay el delantero de Pe\u00f1arol coment\u00f3 su posible regreso a la Universidad de Chile, aunque dijo que no ha tenido noticias de la dirigencia de Azul Azul. \u201cTengo contrato por un a\u00f1o m\u00e1s, pero no hay nada que no se pueda conversar\u201d, sostuvo.<\/strong> <!--more--> <br \/>Juan Manuel Olivera parece estar muy cerca de la Universidad de Chile, aunque desde Uruguay el delantero dijo que nadie se ha comunicado con \u00e9l. Sin embargo, el Palote se mostr\u00f3 muy ilusionado con volver a la \u201cU\u201d, donde triunf\u00f3 en dos per\u00edodos.<\/p>\n<p><strong>\u201cNo he sabido nada y hasta el momento nadie me ha llamado\u201d<\/strong>, coment\u00f3 el ariete charr\u00faa a La Tercera, quien adem\u00e1s sostuvo que <strong>\u201cuno se pone feliz con la oportunidad de volver, pero tengo que ser respetuoso con Pe\u00f1arol\u201d.<\/strong><\/p>\n<p>Olivera tiene contrato con Pe\u00f1arol hasta diciembre del 2014, por lo que no ser\u00e1 nada de f\u00e1cil que vuelva a vestir de azul. Sin embargo, en el Manya no ven con malos ojos una eventual transferencia, pues los liberar\u00eda de pagar su alto salario.<\/p>\n<p><strong>\u201cTengo contrato por un a\u00f1o m\u00e1s, pero no hay nada que no se pueda conversar. Si se da la posibilidad, escuchar\u00e9 lo que propongan\u201d,<\/strong> agreg\u00f3.<\/p>\n<p>Para finalizar, Olivera sostuvo que<strong> \u201cyo en este momento estoy viviendo el presente. La verdad que no s\u00e9 qu\u00e9 puede pasar m\u00e1s adelante, pero por el momento estoy enfocado en Pe\u00f1arol\u201d.<\/strong><\/p>\n<p><strong>Fuente: Red Gol<\/strong><\/p>\n","protected":false},"excerpt":{"rendered":"<p>Desde Uruguay el delantero de Pe\u00f1arol coment\u00f3 su posible regreso a la Universidad de Chile, aunque dijo que no ha tenido noticias de la dirigencia de Azul Azul. \u201cTengo contrato por un a\u00f1o m\u00e1s, pero no hay nada que no se pueda conversar\u201d, sostuvo.<\/p>\n","protected":false},"author":56,"featured_media":5083,"comment_status":"open","ping_status":"open","sticky":false,"template":"","format":"standard","meta":{"footnotes":""},"categories":[18],"tags":[],"class_list":{"0":"post-3477","1":"post","2":"type-post","3":"status-publish","4":"format-standard","5":"has-post-thumbnail","7":"category-actualidad"},"_links":{"self":[{"href":"http:\/\/www.rincondelbulla.cl\/portal\/wp-json\/wp\/v2\/posts\/3477","targetHints":{"allow":["GET"]}}],"collection":[{"href":"http:\/\/www.rincondelbulla.cl\/portal\/wp-json\/wp\/v2\/posts"}],"about":[{"href":"http:\/\/www.rincondelbulla.cl\/portal\/wp-json\/wp\/v2\/types\/post"}],"author":[{"embeddable":true,"href":"http:\/\/www.rincondelbulla.cl\/portal\/wp-json\/wp\/v2\/users\/56"}],"replies":[{"embeddable":true,"href":"http:\/\/www.rincondelbulla.cl\/portal\/wp-json\/wp\/v2\/comments?post=3477"}],"version-history":[{"count":0,"href":"http:\/\/www.rincondelbulla.cl\/portal\/wp-json\/wp\/v2\/posts\/3477\/revisions"}],"wp:featuredmedia":[{"embeddable":true,"href":"http:\/\/www.rincondelbulla.cl\/portal\/wp-json\/wp\/v2\/media\/5083"}],"wp:attachment":[{"href":"http:\/\/www.rincondelbulla.cl\/portal\/wp-json\/wp\/v2\/media?parent=3477"}],"wp:term":[{"taxonomy":"category","embeddable":true,"href":"http:\/\/www.rincondelbulla.cl\/portal\/wp-json\/wp\/v2\/categories?post=3477"},{"taxonomy":"post_tag","embeddable":true,"href":"http:\/\/www.rincondelbulla.cl\/portal\/wp-json\/wp\/v2\/tags?post=3477"}],"curies":[{"name":"wp","href":"https:\/\/api.w.org\/{rel}","templated":true}]}}