{"id":3478,"date":"2013-05-24T12:23:12","date_gmt":"2013-05-24T12:23:12","guid":{"rendered":"http:\/\/www.rincondelbulla.cl\/portal\/?p=3478"},"modified":"2013-05-24T12:23:12","modified_gmt":"2013-05-24T12:23:12","slug":"la-previa-la-u-cierra-su-participacion-celebrando-su-aniversario","status":"publish","type":"post","link":"http:\/\/www.rincondelbulla.cl\/portal\/2013\/05\/24\/la-previa-la-u-cierra-su-participacion-celebrando-su-aniversario\/","title":{"rendered":"La Previa: La \u201cU\u201d cierra su participaci\u00f3n celebrando su aniversario"},"content":{"rendered":"<p><img loading=\"lazy\" decoding=\"async\" class=\" size-full wp-image-5084\" src=\"http:\/\/www.rincondelbulla.cl\/portal\/wp-content\/uploads\/2013\/05\/7f1f2889896f4672f824c99531afb22a.jpg\" alt=\"\" width=\"700\" height=\"396\" srcset=\"http:\/\/www.rincondelbulla.cl\/portal\/wp-content\/uploads\/2013\/05\/7f1f2889896f4672f824c99531afb22a.jpg 700w, http:\/\/www.rincondelbulla.cl\/portal\/wp-content\/uploads\/2013\/05\/7f1f2889896f4672f824c99531afb22a-300x170.jpg 300w, http:\/\/www.rincondelbulla.cl\/portal\/wp-content\/uploads\/2013\/05\/7f1f2889896f4672f824c99531afb22a-696x394.jpg 696w\" sizes=\"auto, (max-width: 700px) 100vw, 700px\" \/><\/p>\n<p><strong>Ya sin nada por jugarse, los azules cerrar\u00e1n su participaci\u00f3n en el Transici\u00f3n 2013 ante su p\u00fablico en el Estadio Nacional desde las 20 horas, donde adem\u00e1s celebrar\u00e1n el aniversario n\u00famero 86 del club.<\/strong><\/p>\n<p><strong>Por Enrique Moreno | @EnriqueMorenoS<\/strong> <!--more--> La \u201cU\u201d abrir\u00e1 la \u00faltima fecha del campeonato enfrentando a Rangers, ya sin chance alguna de luchar por el campeonato, tras la pasada derrota ante la UC. En caso de ganar, alcanzar\u00eda los 33 puntos y s\u00f3lo podr\u00edan aspirar a cerrar con un tercer lugar.<\/p>\n<p>Sin embargo, la jornada no estar\u00e1 exenta de emociones. Esto, ya que se cumplen 86 a\u00f1os de aquel 24 de mayo de 1927, d\u00eda en que fue fundado el Club Universitario de Deportes, como se llam\u00f3 entonces a la \u201cU\u201d.<\/p>\n<p>Pero no s\u00f3lo el aniversario ser\u00e1 tema en \u00d1u\u00f1oa, y es que adem\u00e1s ser\u00e1 el \u00faltimo partido en la \u201cU\u201d tanto de Guillermo Marino, quien en conferencia de prensa asegur\u00f3 que no continuar\u00e1 en los azules, como tambi\u00e9n de Paulo Garc\u00e9s, que partir\u00eda en busca de un club donde pueda encontrar continuidad de juego.<\/p>\n<p>En cuanto a la formaci\u00f3n, el cuestionado Dar\u00edo Franco alinear\u00eda un once poco habitual, considerando a los ausentes por lesi\u00f3n y suspensi\u00f3n. De esa forma, formar\u00eda con <strong>Garc\u00e9s; Mart\u00ednez, Rojas, Huerta; Ure\u00f1a, Ar\u00e1nguiz, Mena, Marino, Lorenzetti; D\u00edaz y Cort\u00e9s<\/strong>.<\/p>\n<p>En tanto en el cuadro rojinegro s\u00f3lo aspiran a cerrar de buena manera el torneo, ya que sus 21 puntos lo ubican apenas en la d\u00e9cima posici\u00f3n, ya sin chances de pelar por alg\u00fan cupo a la Sudamericana. Para ma\u00f1ana formar\u00edan con Peric; D\u00edaz, Garrido, Rojas; Luna, Scatoralo, L\u00f3pez, N\u00fa\u00f1ez, Sciorilli; Varas (o Lorca) y Mart\u00ednez.<\/p>\n<p>El historial entre ambos marca una clara superioridad azul, ya que de 82 partidos que disputaron por el Torneo Nacional, la \u201cU\u201d se impuso en 45, empataron 17 y cay\u00f3 derrotada en 20, cerrando as\u00ed un s\u00f3lido rendimiento de 65%.<\/p>\n<p>La \u00faltima vez que jugaron en \u00d1u\u00f1oa fue el 1 de abril del a\u00f1o pasado por el Torneo de Apertura, oportunidad en que a los azules les fue m\u00e1s que complicado hacerse del triunfo, pero a la larga lograron derrotar por 2-0 con goles del peruano Ra\u00fal Ruid\u00edaz en dos ocasiones.<\/p>\n<p>En tanto, el \u00faltimo enfrentamiento fue el 15 de septiembre de 2012 en el Fiscal de Talca por el Torneo Clausura. Aquella vez ambos equipos llegaban luchando por la punta, terminando el partido igualado en dos, con anotaciones de Lorenzetti y Civelli.<\/p>\n<p>Las entradas est\u00e1n a la venta en el sitio daleticket.cl con precios de $3.000 Galer\u00eda ni\u00f1o, $5.000 Galer\u00eda sur y norte, $8.000 Andes, $25.000 Fuera Marquesina y $35.000 Bajo Marquesina. <\/p>\n<p>El partido ser\u00e1 dirigido por Manuel Acosta y ser\u00e1 transmisi\u00f3n de CDF Premium, como tambi\u00e9n podr\u00e1s seguir el minuto a minuto a trav\u00e9s del Fanpage de Rinc\u00f3n del Bulla.<\/p>\n","protected":false},"excerpt":{"rendered":"<p>Ya sin nada por jugarse, los azules cerrar\u00e1n su participaci\u00f3n en el Transici\u00f3n 2013 ante su p\u00fablico en el Estadio Nacional desde las 20 horas, donde adem\u00e1s celebrar\u00e1n el aniversario n\u00famero 86 del club. Por Enrique Moreno | @EnriqueMorenoS<\/p>\n","protected":false},"author":56,"featured_media":5084,"comment_status":"open","ping_status":"open","sticky":false,"template":"","format":"standard","meta":{"footnotes":""},"categories":[18],"tags":[],"class_list":{"0":"post-3478","1":"post","2":"type-post","3":"status-publish","4":"format-standard","5":"has-post-thumbnail","7":"category-actualidad"},"_links":{"self":[{"href":"http:\/\/www.rincondelbulla.cl\/portal\/wp-json\/wp\/v2\/posts\/3478","targetHints":{"allow":["GET"]}}],"collection":[{"href":"http:\/\/www.rincondelbulla.cl\/portal\/wp-json\/wp\/v2\/posts"}],"about":[{"href":"http:\/\/www.rincondelbulla.cl\/portal\/wp-json\/wp\/v2\/types\/post"}],"author":[{"embeddable":true,"href":"http:\/\/www.rincondelbulla.cl\/portal\/wp-json\/wp\/v2\/users\/56"}],"replies":[{"embeddable":true,"href":"http:\/\/www.rincondelbulla.cl\/portal\/wp-json\/wp\/v2\/comments?post=3478"}],"version-history":[{"count":0,"href":"http:\/\/www.rincondelbulla.cl\/portal\/wp-json\/wp\/v2\/posts\/3478\/revisions"}],"wp:featuredmedia":[{"embeddable":true,"href":"http:\/\/www.rincondelbulla.cl\/portal\/wp-json\/wp\/v2\/media\/5084"}],"wp:attachment":[{"href":"http:\/\/www.rincondelbulla.cl\/portal\/wp-json\/wp\/v2\/media?parent=3478"}],"wp:term":[{"taxonomy":"category","embeddable":true,"href":"http:\/\/www.rincondelbulla.cl\/portal\/wp-json\/wp\/v2\/categories?post=3478"},{"taxonomy":"post_tag","embeddable":true,"href":"http:\/\/www.rincondelbulla.cl\/portal\/wp-json\/wp\/v2\/tags?post=3478"}],"curies":[{"name":"wp","href":"https:\/\/api.w.org\/{rel}","templated":true}]}}