{"id":3480,"date":"2013-05-29T11:56:12","date_gmt":"2013-05-29T11:56:12","guid":{"rendered":"http:\/\/www.rincondelbulla.cl\/portal\/?p=3480"},"modified":"2013-05-29T11:56:12","modified_gmt":"2013-05-29T11:56:12","slug":"los-de-abajo-convocan-a-una-concentracion-en-protesta-al-plan-estadio-seguro","status":"publish","type":"post","link":"http:\/\/www.rincondelbulla.cl\/portal\/2013\/05\/29\/los-de-abajo-convocan-a-una-concentracion-en-protesta-al-plan-estadio-seguro\/","title":{"rendered":"Los de Abajo convocan a una concentraci\u00f3n en protesta al Plan Estadio Seguro"},"content":{"rendered":"<p><img loading=\"lazy\" decoding=\"async\" class=\" size-full wp-image-5086\" src=\"http:\/\/www.rincondelbulla.cl\/portal\/wp-content\/uploads\/2013\/05\/79fb78d76f4028fb13a8ce228606e3c7.jpg\" alt=\"\" width=\"960\" height=\"576\" srcset=\"http:\/\/www.rincondelbulla.cl\/portal\/wp-content\/uploads\/2013\/05\/79fb78d76f4028fb13a8ce228606e3c7.jpg 960w, http:\/\/www.rincondelbulla.cl\/portal\/wp-content\/uploads\/2013\/05\/79fb78d76f4028fb13a8ce228606e3c7-300x180.jpg 300w, http:\/\/www.rincondelbulla.cl\/portal\/wp-content\/uploads\/2013\/05\/79fb78d76f4028fb13a8ce228606e3c7-768x461.jpg 768w, http:\/\/www.rincondelbulla.cl\/portal\/wp-content\/uploads\/2013\/05\/79fb78d76f4028fb13a8ce228606e3c7-696x418.jpg 696w, http:\/\/www.rincondelbulla.cl\/portal\/wp-content\/uploads\/2013\/05\/79fb78d76f4028fb13a8ce228606e3c7-700x420.jpg 700w\" sizes=\"auto, (max-width: 960px) 100vw, 960px\" \/><\/p>\n<p><strong>Con una concentraci\u00f3n, que esperan sea masiva, la barra de Universidad de Chile -Los de Abajo- quiere preotestar contra el Plan Estadio Seguro, implantado por el gopbierno hace m\u00e1s de un a\u00f1o. <!--more--> <\/strong>Hist\u00f3rica, masiva, familiar, rebelde y la fiesta volver\u00e1, son algunos de los conceptos que Los de Abajo han empu\u00f1ado de cara a la concentranci\u00f3n convocada para este s\u00e1bado 1\u00b0 de junio en el Parque O\u00bbHiggins. El objetivo de esta manifestaci\u00f3n es mostrar a la ciudadan\u00eda y a las autoridades el descontento que existe entre los barristas e hinchas contra el Plan Estadio Seguro.<\/p>\n<p>Los de Abajo han llamado a asisir en familia y completa tranquilidad, ya que es una convocatoria de caracter pac\u00edfico y qwue se enmarcar\u00e1 en un acto cultural, en la cual varios artistas han confirmado su presencia, entre ellos la m\u00edtica banda de Punk Rock, Machuca.<\/p>\n<p>Tambi\u00e9n se contar\u00e1 con juegos inflables para que los m\u00e1s peque\u00f1os tengan su espacio de diversi\u00f3n.<\/p>\n<p>La cita es a partir del medio d\u00eda en el Parque O\u00bbHiggins y si pensaban que el clima ser\u00eda un impedimento, se equivocan, el pronostico para el d\u00eda s\u00e1bado dice que el cielo estar\u00e1 nublado variando a nubosidad parcial, por lo tanto no hay excusas para faltar a esta actividad.<\/p>\n","protected":false},"excerpt":{"rendered":"<p>Con una concentraci\u00f3n, que esperan sea masiva, la barra de Universidad de Chile -Los de Abajo- quiere preotestar contra el Plan Estadio Seguro, implantado por el gopbierno hace m\u00e1s de un a\u00f1o.<\/p>\n","protected":false},"author":56,"featured_media":5086,"comment_status":"open","ping_status":"open","sticky":false,"template":"","format":"standard","meta":{"footnotes":""},"categories":[18],"tags":[],"class_list":{"0":"post-3480","1":"post","2":"type-post","3":"status-publish","4":"format-standard","5":"has-post-thumbnail","7":"category-actualidad"},"_links":{"self":[{"href":"http:\/\/www.rincondelbulla.cl\/portal\/wp-json\/wp\/v2\/posts\/3480","targetHints":{"allow":["GET"]}}],"collection":[{"href":"http:\/\/www.rincondelbulla.cl\/portal\/wp-json\/wp\/v2\/posts"}],"about":[{"href":"http:\/\/www.rincondelbulla.cl\/portal\/wp-json\/wp\/v2\/types\/post"}],"author":[{"embeddable":true,"href":"http:\/\/www.rincondelbulla.cl\/portal\/wp-json\/wp\/v2\/users\/56"}],"replies":[{"embeddable":true,"href":"http:\/\/www.rincondelbulla.cl\/portal\/wp-json\/wp\/v2\/comments?post=3480"}],"version-history":[{"count":0,"href":"http:\/\/www.rincondelbulla.cl\/portal\/wp-json\/wp\/v2\/posts\/3480\/revisions"}],"wp:featuredmedia":[{"embeddable":true,"href":"http:\/\/www.rincondelbulla.cl\/portal\/wp-json\/wp\/v2\/media\/5086"}],"wp:attachment":[{"href":"http:\/\/www.rincondelbulla.cl\/portal\/wp-json\/wp\/v2\/media?parent=3480"}],"wp:term":[{"taxonomy":"category","embeddable":true,"href":"http:\/\/www.rincondelbulla.cl\/portal\/wp-json\/wp\/v2\/categories?post=3480"},{"taxonomy":"post_tag","embeddable":true,"href":"http:\/\/www.rincondelbulla.cl\/portal\/wp-json\/wp\/v2\/tags?post=3480"}],"curies":[{"name":"wp","href":"https:\/\/api.w.org\/{rel}","templated":true}]}}