{"id":3481,"date":"2013-05-29T12:09:22","date_gmt":"2013-05-29T12:09:22","guid":{"rendered":"http:\/\/www.rincondelbulla.cl\/portal\/?p=3481"},"modified":"2013-05-29T12:09:22","modified_gmt":"2013-05-29T12:09:22","slug":"walter-montillo-aclara-no-es-que-me-gustaria-volver-voy-a-volver-a-universidad-de-chile","status":"publish","type":"post","link":"http:\/\/www.rincondelbulla.cl\/portal\/2013\/05\/29\/walter-montillo-aclara-no-es-que-me-gustaria-volver-voy-a-volver-a-universidad-de-chile\/","title":{"rendered":"Walter Montillo aclara: \u00abNo es que me gustar\u00eda volver, VOY a volver a Universidad de Chile\u00bb"},"content":{"rendered":"<p><img loading=\"lazy\" decoding=\"async\" class=\" size-full wp-image-5087\" src=\"http:\/\/www.rincondelbulla.cl\/portal\/wp-content\/uploads\/2013\/05\/9e5650277c2aeaaf90f9ac772c2f3889.jpg\" alt=\"\" width=\"700\" height=\"396\" srcset=\"http:\/\/www.rincondelbulla.cl\/portal\/wp-content\/uploads\/2013\/05\/9e5650277c2aeaaf90f9ac772c2f3889.jpg 700w, http:\/\/www.rincondelbulla.cl\/portal\/wp-content\/uploads\/2013\/05\/9e5650277c2aeaaf90f9ac772c2f3889-300x170.jpg 300w, http:\/\/www.rincondelbulla.cl\/portal\/wp-content\/uploads\/2013\/05\/9e5650277c2aeaaf90f9ac772c2f3889-696x394.jpg 696w\" sizes=\"auto, (max-width: 700px) 100vw, 700px\" \/><\/p>\n<p><strong>En una entrevista concedida a El Gr\u00e1fico Chile, \u00abLa ardilla\u00bb, que en la actualidad es considerado uno de los mejores jugadores del medio brasile\u00f1o y que es el llamado a reemplazar a Neyma en el Santos, cont\u00f3 como se ha desenvolvido en tierras cariocas, su despegue futbol\u00edstico y el sue\u00f1o de volver a vestir la camiseta de Universidad de Chile. <!--more--> \u00abS\u00ed, la verdad es que al principio me dio un poco de verg\u00fcenza. Uno llega tratando de ser humilde y te encontr\u00e1s con ese recibimiento tan efusivo de los hinchas, trat\u00e9 de disfrutarlo al m\u00e1ximo, son momentos que no voy a olvidar. Llegar a Cruzeiro y que me reciban as\u00ed es para agradecerlo, tratar\u00e9 de hacer las cosas lo mejor posible\u00bb<\/strong>.<\/p>\n<p>Sincero, Walter Montillo confesaba el pudor que sinti\u00f3 cuando viaj\u00f3 desde Santiago a Belo Horizonte para ser presentado en Cruzeiro. Lo contaba un par de horas despu\u00e9s del entrenamiento de una fr\u00eda tarde de julio de 2010. Todav\u00eda sin ducharse, con los botines embarrados y a un costado de una cancha de tierra en Caracol Azul, Montillo no parec\u00eda el crack que por entonces conduc\u00eda con genialidad al aguerrido equipo de Gerardo Pelusso. Flaco, petiso, alg\u00fan despistado lo hubiese confundido con uno de los juveniles del club, sobre todo si escuchaba tal infidencia. \u00bfC\u00f3mo iba a sentir verg\u00fcenza el \u00abBuque Insignia? Tal el apodo que Sergio Markari\u00e1n acu\u00f1\u00f3 durante 2009 para sintetizar qu\u00e9 significaba el argentino para su formaci\u00f3n, campeona del Apertura de ese a\u00f1o.<\/p>\n<p>Casi tres a\u00f1os despu\u00e9s, Walter contesta en Santos el llamado telef\u00f3nico de El Gr\u00e1fico Chile. Aquella vez esperaba ansioso la semifinal de la Copa Libertadores ante Chivas, hoy se concentra en ir a pelear el torneo Brasileirao (en la primera fecha Santos empat\u00f3 0-0 con Flamengo en Brasilia).<\/p>\n<p>No sorprende escuchar el mismo tono medido, pero a la vez determinado, para analizar lo que est\u00e1 viviendo. La promesa de \u00abhacer las cosas lo mejor posible\u00bb le signific\u00f3 ganarse el cari\u00f1o de los hinchas de la Raposa, ser elegido el mejor volante en el equipo ideal de Brasil durante dos a\u00f1os, ser respetado y aplaudido por las hinchadas rivales, haber sido convocado por Alejandro Sabella a la selecci\u00f3n argentina para jugar al lado de Lionel Messi y que un tal Neymar pidiera p\u00fablicamente su contrataci\u00f3n a comienzos de 2013 para tenerlo de compa\u00f1ero en Santos.<\/p>\n<p>Cuenta que su familia est\u00e1 bien, que sus hijos crecen \u00absanos y fuertes\u00bb y que est\u00e1 contento. Recuperado de una distensi\u00f3n que le impidi\u00f3 jugar la final del torneo Paulista, donde Santos cay\u00f3 con Corinthians, Montillo entrena para estar \u00abpreparado por si me llaman a la Selecci\u00f3n\u00bb y confiesa sobre el final de la charla su sue\u00f1o te\u00f1ido de azul.<\/p>\n<p><strong>\u00bfC\u00f3mo han sido estos meses en Santos?<\/strong><\/p>\n<p>Un cambio grande, un cambio lindo en mi carrera. Tratando de adaptarme lo m\u00e1s r\u00e1pido posible al equipo. Por suerte pudimos llegar a la final del Paulista. Estoy contento. Ahora prepar\u00e1ndonos para el inicio del Brasileirao, que es una competici\u00f3n muy dif\u00edcil. Nosotros tenemos un equipo muy fuerte para pelear.<\/p>\n<p>\u00bfQu\u00e9 te encontraste en Santos?<br \/>Antes te puedo decir que tuve dos a\u00f1os muy buenos en Cruzeiro, me abri\u00f3 las puertas para jugar en Brasil. Son dos equipos grandes. Santos tiene una historia importante: campe\u00f3n de diversos campeonatos, estuvo Pel\u00e9, ahora tenemos a Neymar. Ambos son equipos acostumbrados a ganar y a pelear t\u00edtulos.<\/p>\n<p>\u00bfC\u00f3mo has vivido justamente eso: jugar al lado de Neymar y convivir con el foco de atracci\u00f3n que genera?<br \/>La verdad es que uno trata de disfrutarlo en el d\u00eda a d\u00eda, porque ya es un hecho que se va a ir. Lo disfrutamos dentro y fuera de la cancha. Es una persona muy humilde que le hace bien al grupo. Y dentro de la cancha nadie va a discutir las condiciones que tiene, marca la diferencia cada vez que juega.<\/p>\n<p>Llam\u00f3 la atenci\u00f3n verlo llorar en la semifinal del torneo Paulista que ganaron por penales a Mogi Mirim.<br \/>Es que ese partido nos dio la chance de jugar una final. Se emocion\u00f3 mucho. Fijate que si bien ya entr\u00f3 en la historia del club, nadie ha conseguido ganar cuatro t\u00edtulos seguidos en el Paulista. \u00c9l tiene tres. Era como para emocionarse, adem\u00e1s que cada vez eran mayores las especulaciones de que se pod\u00eda ir. Ac\u00e1 se juegan muchos partidos y se trabaj\u00f3 mucho para lograr esa final, entonces creo que esa imagen de \u00e9l llorando en el pasto refleja lo que uno viene haciendo y lo dif\u00edcil que es llegar a estas instancias, los rivales realmente juegan muy bien.<\/p>\n<p><strong>\u00bfQu\u00e9 ha significado el f\u00fatbol brasile\u00f1o para tu carrera?<\/strong><\/p>\n<p>Soy un tipo que le gusta trabajar, que le gusta ir con humildad a donde voy a jugar. Ac\u00e1 por suerte las cosas me han salido bien, pero uno lo viene buscando hace mucho tiempo. Jugar en Brasil y a nivel internacional me abri\u00f3 las puertas a la selecci\u00f3n y es algo que no olvidar\u00e9. Estoy trabajando cada momento para seguir siendo convocado a la selecci\u00f3n. Las posibilidades de crecer me las dio Brasil. As\u00ed como tambi\u00e9n estoy agradecido del f\u00fatbol chileno y de la Universidad de Chile que me dio una oportunidad en un momento dif\u00edcil en mi carrera en el que no jugaba en San Lorenzo. Afortunadamente los \u00faltimos a\u00f1os han sido buenos. Y hay que disfrutarlo. En el f\u00fatbol los momentos buenos no son todos los d\u00edas y siempre aparecen momentos malos. Por eso los buenos hay que aprovecharlos m\u00e1s y disfrutarlos.<\/p>\n<p>No s\u00f3lo te aplauden y admiran los hinchas de Santos, tambi\u00e9n lo hace la mayor\u00eda de las hinchadas de Brasil.<br \/>Eso pasa por el respeto que he demostrado con todas hinchadas. Siempre he sido as\u00ed. Si bien tengo un afinidad mayor con el equipo en el que juego, respeto a todos. Y creo que eso se refleja en que ellos tambi\u00e9n me respetan. Los hinchas valoran que el trabajo que realizas en la cancha lo sostengas fuera de ella.<\/p>\n<p><span style=\"font-size: 12pt;\"><strong>\u00bfC\u00f3mo sigues a la U desde Brasil?<\/strong><\/span><\/p>\n<p><span style=\"font-size: 12pt;\"><strong>En casa miramos siempre los partidos de la U, ya sea por internet o por cable. Hemos visto los logros que hemos tenido en los \u00faltimos a\u00f1os y la verdad es que nos pone muy contentos. En casa todos somos hinchas de la U y nos gusta mucho seguirlos. El otro d\u00eda disfrutamos con la final de la Copa Chile. Mantengo contacto con Pepe Rojas y Diego Rivarola.<\/strong><\/span><\/p>\n<p><span style=\"font-size: 12pt;\"><strong>Tal vez es aventurado poner fecha porque est\u00e1s en plenitud en Brasil. Pero, \u00bfte gustar\u00eda volver a jugar en la U?<\/strong><\/span><br \/><span style=\"font-size: 12pt;\"><strong><\/strong><\/span><\/p>\n<p><span style=\"font-size: 12pt;\"><strong>No es que \u00abme gustar\u00eda\u00bb, es que voy a volver. Eso ya lo tengo programado en mi carrera, voy a volver a la U: tengo el sue\u00f1o de entrar a la cancha con la camiseta de la U y de la mano de Valent\u00edn y Santino. Y lo voy a cumplir. No s\u00e9 en qu\u00e9 a\u00f1o, no s\u00e9 cu\u00e1ndo, pero voy a volver.<\/strong><\/span><\/p>\n<p><span style=\"font-size: 12pt;\"><strong>Walter interrumpe su saludo de despedida para consultar qu\u00e9 d\u00eda sale la nota para leerla desde Brasil. \u00ab\u00bfAs\u00ed que ahora salen en formato diario? Qu\u00e9 bueno entonces, los felicito\u00bb, dice antes de preguntarle por los hinchas de la U.<\/strong><\/span><\/p>\n<p><span style=\"font-size: 12pt;\"><strong>\u00a1Qu\u00e9 dato el de tu regreso! A esta altura los hinchas de la U deben estar tir\u00e1ndose de la tribuna con la emoci\u00f3n.<\/strong><\/span><br \/><span style=\"font-size: 12pt;\"><strong>No te preocupes, ellos ya lo saben.<\/strong><\/span><\/p>\n<p><strong>Brasil 2014: \u00abMe ilusiona jugar el Mundial con Argentina\u00bb<\/strong><\/p>\n<p>Montillo integr\u00f3 la selecci\u00f3n argentina que Alejandro Sabella arm\u00f3 con jugadores del torneo local y del brasile\u00f1o (\u00e9l, Pablo Gui\u00f1az\u00fa y Juan Manuel Mart\u00ednez, por ejemplo) para jugar el Cl\u00e1sico de las Am\u00e9ricas con Brasil. Una serie ida y vuelta que termin\u00f3 con triunfo argentino en La Bombonera y un partidazo del propio Walter. \u00abDespu\u00e9s de esos partidos de selecciones locales se me abri\u00f3 la puerta de la eliminatoria. Ese d\u00eda el equipo jug\u00f3 muy bien y muchos chicos fuimos citados. Aprovechamos la oportunidad. Pero eso no marca nada, eso ya es pasado y ahora hay que mirar para adelante\u00bb, dice con el objetivo de seguir siendo un jugador de selecci\u00f3n.<\/p>\n<p><strong>\u00bfQu\u00e9 puedes contar del grupo de grandes jugadores que forma el plantel de la selecci\u00f3n argentina?<\/strong><\/p>\n<p>Es un grupo muy lindo. Si bien hay cracks, son todos muy humanos y aquello se refleja dentro de la cancha. La selecci\u00f3n est\u00e1 jugando de menor a mayor, est\u00e1 jugando bien y creo que eso se disfruta no s\u00f3lo dentro de la cancha, tambi\u00e9n en las tribunas. El grupo sabe lo que quiere y ojal\u00e1 contra Colombia se pueda sumar de a tres para asegurar la clasificaci\u00f3n.<\/p>\n<p><strong>\u00bfQu\u00e9 te dijo el t\u00e9cnico Alejandro Sabella, qu\u00e9 espera de ti?<\/strong><\/p>\n<p>No hablamos mucho. S\u00f3lo trato de ir, hacer mi trabajo y ayudar. Espero estar en la pr\u00f3xima convocatoria para aportar lo m\u00edo. Me dio la chance de jugar contra Venezuela y le estoy agradecido, no es f\u00e1cil jugar en la selecci\u00f3n argentina.<\/p>\n<p><strong>\u00bfTe ilusionas con jugar el Mundial?<\/strong><\/p>\n<p>Obviamente, todos nos ilusionamos. Es dif\u00edcil, hay que seguir trabajando para ser considerado y estar preparado cuando te llamen.<\/p>\n<p>No puedo dejar de preguntarte por Messi&#8230;<br \/>Uno lo disfruta. No es f\u00e1cil llegar a jugar al lado de \u00e9l. Trat\u00e9 de disfrutarlo, no s\u00f3lo a \u00e9l sino tambi\u00e9n a los monstruos que estaban al lado. Pero obviamente que al ser el mejor del mundo genera m\u00e1s expectativas. Es un momento que no voy a olvidar, trat\u00e9 de aprovecharlo al m\u00e1ximo. Gracias a Dios, Messi es argentino y puede ayudarnos.<\/p>\n<p>&nbsp;<\/p>\n<p><strong>Fuente: El Gr\u00e1fico Chile<\/strong><\/p>\n","protected":false},"excerpt":{"rendered":"<p>En una entrevista concedida a El Gr\u00e1fico Chile, \u00abLa ardilla\u00bb, que en la actualidad es considerado uno de los mejores jugadores del medio brasile\u00f1o y que es el llamado a reemplazar a Neyma en el Santos, cont\u00f3 como se ha desenvolvido en tierras cariocas, su despegue futbol\u00edstico y el sue\u00f1o de volver a vestir la [&#8230;]<\/p>\n","protected":false},"author":56,"featured_media":5087,"comment_status":"open","ping_status":"open","sticky":false,"template":"","format":"standard","meta":{"footnotes":""},"categories":[18],"tags":[],"class_list":{"0":"post-3481","1":"post","2":"type-post","3":"status-publish","4":"format-standard","5":"has-post-thumbnail","7":"category-actualidad"},"_links":{"self":[{"href":"http:\/\/www.rincondelbulla.cl\/portal\/wp-json\/wp\/v2\/posts\/3481","targetHints":{"allow":["GET"]}}],"collection":[{"href":"http:\/\/www.rincondelbulla.cl\/portal\/wp-json\/wp\/v2\/posts"}],"about":[{"href":"http:\/\/www.rincondelbulla.cl\/portal\/wp-json\/wp\/v2\/types\/post"}],"author":[{"embeddable":true,"href":"http:\/\/www.rincondelbulla.cl\/portal\/wp-json\/wp\/v2\/users\/56"}],"replies":[{"embeddable":true,"href":"http:\/\/www.rincondelbulla.cl\/portal\/wp-json\/wp\/v2\/comments?post=3481"}],"version-history":[{"count":0,"href":"http:\/\/www.rincondelbulla.cl\/portal\/wp-json\/wp\/v2\/posts\/3481\/revisions"}],"wp:featuredmedia":[{"embeddable":true,"href":"http:\/\/www.rincondelbulla.cl\/portal\/wp-json\/wp\/v2\/media\/5087"}],"wp:attachment":[{"href":"http:\/\/www.rincondelbulla.cl\/portal\/wp-json\/wp\/v2\/media?parent=3481"}],"wp:term":[{"taxonomy":"category","embeddable":true,"href":"http:\/\/www.rincondelbulla.cl\/portal\/wp-json\/wp\/v2\/categories?post=3481"},{"taxonomy":"post_tag","embeddable":true,"href":"http:\/\/www.rincondelbulla.cl\/portal\/wp-json\/wp\/v2\/tags?post=3481"}],"curies":[{"name":"wp","href":"https:\/\/api.w.org\/{rel}","templated":true}]}}