{"id":3482,"date":"2013-05-30T02:27:14","date_gmt":"2013-05-30T02:27:14","guid":{"rendered":"http:\/\/www.rincondelbulla.cl\/portal\/?p=3482"},"modified":"2013-05-30T02:27:14","modified_gmt":"2013-05-30T02:27:14","slug":"ooohhh-rocky-no-se-vaa-osvaldo-gonzalez-confirmo-que-seguira-vistiendo-la-camiseta-azul","status":"publish","type":"post","link":"http:\/\/www.rincondelbulla.cl\/portal\/2013\/05\/30\/ooohhh-rocky-no-se-vaa-osvaldo-gonzalez-confirmo-que-seguira-vistiendo-la-camiseta-azul\/","title":{"rendered":"\u00a1\u00a1\u00a1Ooohhh, \u00abRocky\u00bb no se vaa!!!, Osvaldo Gonz\u00e1lez confirm\u00f3 que seguir\u00e1 vistiendo la camiseta azul."},"content":{"rendered":"<p><img loading=\"lazy\" decoding=\"async\" class=\" size-full wp-image-5088\" src=\"http:\/\/www.rincondelbulla.cl\/portal\/wp-content\/uploads\/2013\/05\/1d3175327a81ee6dbda7ea3fd1c67935.jpg\" alt=\"\" width=\"800\" height=\"533\" srcset=\"http:\/\/www.rincondelbulla.cl\/portal\/wp-content\/uploads\/2013\/05\/1d3175327a81ee6dbda7ea3fd1c67935.jpg 800w, http:\/\/www.rincondelbulla.cl\/portal\/wp-content\/uploads\/2013\/05\/1d3175327a81ee6dbda7ea3fd1c67935-300x200.jpg 300w, http:\/\/www.rincondelbulla.cl\/portal\/wp-content\/uploads\/2013\/05\/1d3175327a81ee6dbda7ea3fd1c67935-768x512.jpg 768w, http:\/\/www.rincondelbulla.cl\/portal\/wp-content\/uploads\/2013\/05\/1d3175327a81ee6dbda7ea3fd1c67935-696x464.jpg 696w, http:\/\/www.rincondelbulla.cl\/portal\/wp-content\/uploads\/2013\/05\/1d3175327a81ee6dbda7ea3fd1c67935-630x420.jpg 630w\" sizes=\"auto, (max-width: 800px) 100vw, 800px\" \/><\/p>\n<p><strong>A trav\u00e9s de su cuenta Twitter, Osvaldo Gonz\u00e1lez confirm\u00f3 que no partir\u00e1 al Toluca de M\u00e9xico y seguir\u00e1 hasta fin de a\u00f1o en Universidad de Chile.<\/strong><\/p>\n<p>Buenas noticias para Dar\u00edo Franco. Osvaldo Gonz\u00e1lez anunci\u00f3 a trav\u00e9s de su cuenta personal de Twitter (@rockyazul4) que continuar\u00e1 el segundo semestre en Universidad de Chile, pese a los deseos de Toluca, club due\u00f1o de su pase, de querer tenerlo en sus filas.<\/p>\n<p><strong>\u00abEl pr\u00f3ximo semestre seguir\u00e9 defendiendo estos colores. Voy a poner todo de mi parte por llegar de la mejor manera el 15 de junio&#8230;\u00bb<\/strong> d\u00eda en que debe presentarse el plantel al CDA tras su periodo de vacaciones.<\/p>\n<p>El defensor tuvo un complicado primer semestre debido a las lesiones que lo afectaron y no pudo ser considerado por Dar\u00edo Franco.<\/p>\n<p>Pese a la intenci\u00f3n del cuadro mexicano de querer contar con \u00abRocky\u00bb, finalmente los azules y Toluca llegaron a un acuerdo para dejar al defensor chileno hasta el fin de la presente temporada en la escuadra azul.<\/p>\n<p>&nbsp;<\/p>\n<p><span id=\"_mce_caret\" data-mce-bogus=\"true\"><strong>Fuente: La Tercera<\/strong><\/span><\/p>\n","protected":false},"excerpt":{"rendered":"<p>A trav\u00e9s de su cuenta Twitter, Osvaldo Gonz\u00e1lez confirm\u00f3 que no partir\u00e1 al Toluca de M\u00e9xico y seguir\u00e1 hasta fin de a\u00f1o en Universidad de Chile. Buenas noticias para Dar\u00edo Franco. Osvaldo Gonz\u00e1lez anunci\u00f3 a trav\u00e9s de su cuenta personal de Twitter (@rockyazul4) que continuar\u00e1 el segundo semestre en Universidad de Chile, pese a los [&#8230;]<\/p>\n","protected":false},"author":56,"featured_media":5088,"comment_status":"open","ping_status":"open","sticky":false,"template":"","format":"standard","meta":{"footnotes":""},"categories":[18],"tags":[],"class_list":{"0":"post-3482","1":"post","2":"type-post","3":"status-publish","4":"format-standard","5":"has-post-thumbnail","7":"category-actualidad"},"_links":{"self":[{"href":"http:\/\/www.rincondelbulla.cl\/portal\/wp-json\/wp\/v2\/posts\/3482","targetHints":{"allow":["GET"]}}],"collection":[{"href":"http:\/\/www.rincondelbulla.cl\/portal\/wp-json\/wp\/v2\/posts"}],"about":[{"href":"http:\/\/www.rincondelbulla.cl\/portal\/wp-json\/wp\/v2\/types\/post"}],"author":[{"embeddable":true,"href":"http:\/\/www.rincondelbulla.cl\/portal\/wp-json\/wp\/v2\/users\/56"}],"replies":[{"embeddable":true,"href":"http:\/\/www.rincondelbulla.cl\/portal\/wp-json\/wp\/v2\/comments?post=3482"}],"version-history":[{"count":0,"href":"http:\/\/www.rincondelbulla.cl\/portal\/wp-json\/wp\/v2\/posts\/3482\/revisions"}],"wp:featuredmedia":[{"embeddable":true,"href":"http:\/\/www.rincondelbulla.cl\/portal\/wp-json\/wp\/v2\/media\/5088"}],"wp:attachment":[{"href":"http:\/\/www.rincondelbulla.cl\/portal\/wp-json\/wp\/v2\/media?parent=3482"}],"wp:term":[{"taxonomy":"category","embeddable":true,"href":"http:\/\/www.rincondelbulla.cl\/portal\/wp-json\/wp\/v2\/categories?post=3482"},{"taxonomy":"post_tag","embeddable":true,"href":"http:\/\/www.rincondelbulla.cl\/portal\/wp-json\/wp\/v2\/tags?post=3482"}],"curies":[{"name":"wp","href":"https:\/\/api.w.org\/{rel}","templated":true}]}}