{"id":3483,"date":"2013-06-05T12:28:29","date_gmt":"2013-06-05T12:28:29","guid":{"rendered":"http:\/\/www.rincondelbulla.cl\/portal\/?p=3483"},"modified":"2013-06-05T12:28:29","modified_gmt":"2013-06-05T12:28:29","slug":"franco-quiere-a-un-conocido-en-universidad-de-chile","status":"publish","type":"post","link":"http:\/\/www.rincondelbulla.cl\/portal\/2013\/06\/05\/franco-quiere-a-un-conocido-en-universidad-de-chile\/","title":{"rendered":"Franco quiere a un conocido en Universidad de Chile"},"content":{"rendered":"<figure id=\"attachment_5089\" aria-describedby=\"caption-attachment-5089\" style=\"width: 620px\" class=\"wp-caption alignnone\"><img loading=\"lazy\" decoding=\"async\" class=\" size-full wp-image-5089\" src=\"http:\/\/www.rincondelbulla.cl\/portal\/wp-content\/uploads\/2013\/06\/3ead8d0d0de24b5c0b0d76857979f1dc.jpg\" alt=\"\" class=\"caption\" title=\"Foto: Google\" width=\"620\" height=\"430\" srcset=\"http:\/\/www.rincondelbulla.cl\/portal\/wp-content\/uploads\/2013\/06\/3ead8d0d0de24b5c0b0d76857979f1dc.jpg 620w, http:\/\/www.rincondelbulla.cl\/portal\/wp-content\/uploads\/2013\/06\/3ead8d0d0de24b5c0b0d76857979f1dc-300x208.jpg 300w, http:\/\/www.rincondelbulla.cl\/portal\/wp-content\/uploads\/2013\/06\/3ead8d0d0de24b5c0b0d76857979f1dc-100x70.jpg 100w, http:\/\/www.rincondelbulla.cl\/portal\/wp-content\/uploads\/2013\/06\/3ead8d0d0de24b5c0b0d76857979f1dc-218x150.jpg 218w, http:\/\/www.rincondelbulla.cl\/portal\/wp-content\/uploads\/2013\/06\/3ead8d0d0de24b5c0b0d76857979f1dc-606x420.jpg 606w\" sizes=\"auto, (max-width: 620px) 100vw, 620px\" \/><figcaption id=\"caption-attachment-5089\" class=\"wp-caption-text\">Foto: Google<\/figcaption><\/figure>\n<p><strong>Se trata de Juan Ignacio Sills, defensor de 26 a\u00f1os que actualmemnte milita en V\u00e9lez Sarfield, pero que el actual t\u00e9cnico azul lo tuvo como pupilo en Instituto de C\u00f3rdoba.<\/strong> <!--more--> <strong>\u00abSe que es un equipo importante y ser\u00eda una buena oportunidad\u00bb<\/strong>, coment\u00f3 el defensor que est\u00e1 siendo sondeado por la U al ser connsultado por el inter\u00e9s del cuadro universitario.<\/p>\n<p>Universidad de Chile est\u00e1 trabajando para armar el plantel para la pr\u00f3xima temporada y ya hay algunos candidatos para reforzar al equipo. Uno de ellos es Juan Ignacio Sills, zaguero perteneciente a V\u00e9lez Sarsfield y que tuvo a Dar\u00edo Franco como entrenador en Instituto de C\u00f3rdoba.<\/p>\n<p><strong>\u201cLo tuve seis meses en C\u00f3rdoba y me gusta mucho como t\u00e9cnico. Sabe mucho, tiene un juego de estilo distinto y eso hace muy distinto a los equipos que maneja\u201d<\/strong>, sostuvo el defensa argentino a Radio Cooperativa.<\/p>\n<p>Sills a\u00f1adi\u00f3 que <strong>\u201cla verdad es que no s\u00e9 nada, eso lo est\u00e1 viendo mi representante y como en esta \u00e9poca salen varios clubes, estoy tranquilo y le pido que mientras no haya nada concreto, no me diga nada\u201d.<\/strong><\/p>\n<p>Sobre la \u201cU\u201d dijo que <strong>\u201cs\u00e9 que es un equipo importante y ser\u00eda una buena oportunidad, pero la verdad es que estoy al margen de todo. No me cierro, m\u00e1s ahora que se termina mi v\u00ednculo con V\u00e9lez\u201d<\/strong>.<\/p>\n<p>Sills es formado en V\u00e9lez Sarsfield, luego tuvo un paso por el Alajuelense de Costa Rica, para luego volver al Fort\u00edn. Despu\u00e9s fich\u00f3 en Instituto de C\u00f3rdoba y desde el 2012 est\u00e1 de vuelta en el elenco de Liniers.<\/p>\n<p>&nbsp;<\/p>\n<p><span id=\"_mce_caret\" data-mce-bogus=\"true\"><strong>Fuente: Red Gol<\/strong><\/span><\/p>\n","protected":false},"excerpt":{"rendered":"<p>Se trata de Juan Ignacio Sills, defensor de 26 a\u00f1os que actualmemnte milita en V\u00e9lez Sarfield, pero que el actual t\u00e9cnico azul lo tuvo como pupilo en Instituto de C\u00f3rdoba.<\/p>\n","protected":false},"author":56,"featured_media":5089,"comment_status":"open","ping_status":"open","sticky":false,"template":"","format":"standard","meta":{"footnotes":""},"categories":[18],"tags":[],"class_list":{"0":"post-3483","1":"post","2":"type-post","3":"status-publish","4":"format-standard","5":"has-post-thumbnail","7":"category-actualidad"},"_links":{"self":[{"href":"http:\/\/www.rincondelbulla.cl\/portal\/wp-json\/wp\/v2\/posts\/3483","targetHints":{"allow":["GET"]}}],"collection":[{"href":"http:\/\/www.rincondelbulla.cl\/portal\/wp-json\/wp\/v2\/posts"}],"about":[{"href":"http:\/\/www.rincondelbulla.cl\/portal\/wp-json\/wp\/v2\/types\/post"}],"author":[{"embeddable":true,"href":"http:\/\/www.rincondelbulla.cl\/portal\/wp-json\/wp\/v2\/users\/56"}],"replies":[{"embeddable":true,"href":"http:\/\/www.rincondelbulla.cl\/portal\/wp-json\/wp\/v2\/comments?post=3483"}],"version-history":[{"count":0,"href":"http:\/\/www.rincondelbulla.cl\/portal\/wp-json\/wp\/v2\/posts\/3483\/revisions"}],"wp:featuredmedia":[{"embeddable":true,"href":"http:\/\/www.rincondelbulla.cl\/portal\/wp-json\/wp\/v2\/media\/5089"}],"wp:attachment":[{"href":"http:\/\/www.rincondelbulla.cl\/portal\/wp-json\/wp\/v2\/media?parent=3483"}],"wp:term":[{"taxonomy":"category","embeddable":true,"href":"http:\/\/www.rincondelbulla.cl\/portal\/wp-json\/wp\/v2\/categories?post=3483"},{"taxonomy":"post_tag","embeddable":true,"href":"http:\/\/www.rincondelbulla.cl\/portal\/wp-json\/wp\/v2\/tags?post=3483"}],"curies":[{"name":"wp","href":"https:\/\/api.w.org\/{rel}","templated":true}]}}