{"id":3484,"date":"2013-06-05T13:48:05","date_gmt":"2013-06-05T13:48:05","guid":{"rendered":"http:\/\/www.rincondelbulla.cl\/portal\/?p=3484"},"modified":"2013-06-05T13:48:05","modified_gmt":"2013-06-05T13:48:05","slug":"se-desmantela-la-u-eugenio-mena-parte-a-espana-y-se-espean-ofertas-por-aranguiz","status":"publish","type":"post","link":"http:\/\/www.rincondelbulla.cl\/portal\/2013\/06\/05\/se-desmantela-la-u-eugenio-mena-parte-a-espana-y-se-espean-ofertas-por-aranguiz\/","title":{"rendered":"\u00bfSe desmantela la U?: Eugenio Mena parte a Espa\u00f1a y se esperan ofertas por Aranguiz."},"content":{"rendered":"<p><img loading=\"lazy\" decoding=\"async\" class=\" size-full wp-image-5090\" src=\"http:\/\/www.rincondelbulla.cl\/portal\/wp-content\/uploads\/2013\/06\/706d39ca08c79601e8763bcd4b9bc178.jpg\" alt=\"\" width=\"700\" height=\"396\" srcset=\"http:\/\/www.rincondelbulla.cl\/portal\/wp-content\/uploads\/2013\/06\/706d39ca08c79601e8763bcd4b9bc178.jpg 700w, http:\/\/www.rincondelbulla.cl\/portal\/wp-content\/uploads\/2013\/06\/706d39ca08c79601e8763bcd4b9bc178-300x170.jpg 300w, http:\/\/www.rincondelbulla.cl\/portal\/wp-content\/uploads\/2013\/06\/706d39ca08c79601e8763bcd4b9bc178-696x394.jpg 696w\" sizes=\"auto, (max-width: 700px) 100vw, 700px\" \/><\/p>\n<p><strong>El Granada de Espa\u00f1a se qued\u00f3 finalmente con los servicios de Eugenio Mena, el conjunto espa\u00f1ol pagar\u00e1 la cl\u00e1usula de salida del defensor y en Azul Azul ya autorizaron la venta.<\/strong><\/p>\n<p>  <!--more-->  <\/p>\n<p>En Universidad de Chile estaban a la espera de la formalizaci\u00f3n de una oferta por uno de sus seleccionados, Eugenio Mena, quien asoma como titular en la \u201cRoja\u201d de Jorge Sampaoli que enfrentar\u00e1 a Paraguay en Asunci\u00f3n.<\/p>\n<p>&nbsp;<\/p>\n<p>En este contexto, al club laico se le hab\u00eda informado que durante estos d\u00edas llegar\u00eda una propuesta que cubrir\u00eda la cl\u00e1usula de salida estipulada en el contrato del defensa, permitiendo su venta al extranjero. Y lo anterior se materializ\u00f3, pues Azul Azul recibi\u00f3 la oferta del Granada de Espa\u00f1a, club que ofert\u00f3 US$ 3 millones, justamente la cifra que cubre la aludida disposici\u00f3n contractual.<\/p>\n<p><strong>\u201cLleg\u00f3 la propuesta del Granada por Mena y el jugador se va a ese club en el segundo semestre\u201d<\/strong>, adelantaron en la concesionaria. En este escenario, en la \u201cU\u201d confiesan que no pueden evitar la partida del \u201cChueco\u201d, pues la oferta de los andaluces cumple con la cl\u00e1usula que se fij\u00f3 en su momento y en que \u00e9sta no s\u00f3lo toca al elenco universitario, pues el traspaso significar\u00e1 que a las arcas de Universidad de Chile llegar\u00e1n s\u00f3lo US$ 1,8 millones, pues son los due\u00f1os del 60% del pase, mientras que el 40% restante es propiedad de Santiago Wanderers, por lo que la instituci\u00f3n porte\u00f1a percibir\u00e1 US$ 1,2 millones.<\/p>\n<p>De hecho, ya el semestre pasado el jugador tuvo la posibilidad de emigrar al exterior, pero desech\u00f3 distintas propuestas, una de ellas del Metalist Jarkov ucraniano por US$ 4 millones, lo que tambi\u00e9n, con antelaci\u00f3n, implic\u00f3 un desembolso de Azul Azul para aumentar los ingresos del defensa, a fin de allanar su permanencia en el CDA, siempre con el compromiso de que partiera s\u00ed o s\u00ed este semestre, lo que comenz\u00f3 a concretarse con la oferta del Granada.<\/p>\n<p>En este contexto, la partida del destacado jugador (ayer se reintegr\u00f3 sin problemas por la noche a la concentraci\u00f3n de Chile en Juan Pinto Dur\u00e1n) estaba proyectada en la \u201cU\u201d, al punto que el traspaso de Mena ya fue informado al t\u00e9cnico Dar\u00edo Franco.<\/p>\n<p>&nbsp;<\/p>\n<p><span id=\"_mce_caret\" data-mce-bogus=\"true\"><strong>Fuente: La Tercera<\/strong><\/span><\/p>\n","protected":false},"excerpt":{"rendered":"<p>El Granada de Espa\u00f1a se qued\u00f3 finalmente con los servicios de Eugenio Mena, el conjunto espa\u00f1ol pagar\u00e1 la cl\u00e1usula de salida del defensor y en Azul Azul ya autorizaron la venta.<\/p>\n","protected":false},"author":56,"featured_media":5090,"comment_status":"open","ping_status":"open","sticky":false,"template":"","format":"standard","meta":{"footnotes":""},"categories":[18],"tags":[],"class_list":{"0":"post-3484","1":"post","2":"type-post","3":"status-publish","4":"format-standard","5":"has-post-thumbnail","7":"category-actualidad"},"_links":{"self":[{"href":"http:\/\/www.rincondelbulla.cl\/portal\/wp-json\/wp\/v2\/posts\/3484","targetHints":{"allow":["GET"]}}],"collection":[{"href":"http:\/\/www.rincondelbulla.cl\/portal\/wp-json\/wp\/v2\/posts"}],"about":[{"href":"http:\/\/www.rincondelbulla.cl\/portal\/wp-json\/wp\/v2\/types\/post"}],"author":[{"embeddable":true,"href":"http:\/\/www.rincondelbulla.cl\/portal\/wp-json\/wp\/v2\/users\/56"}],"replies":[{"embeddable":true,"href":"http:\/\/www.rincondelbulla.cl\/portal\/wp-json\/wp\/v2\/comments?post=3484"}],"version-history":[{"count":0,"href":"http:\/\/www.rincondelbulla.cl\/portal\/wp-json\/wp\/v2\/posts\/3484\/revisions"}],"wp:featuredmedia":[{"embeddable":true,"href":"http:\/\/www.rincondelbulla.cl\/portal\/wp-json\/wp\/v2\/media\/5090"}],"wp:attachment":[{"href":"http:\/\/www.rincondelbulla.cl\/portal\/wp-json\/wp\/v2\/media?parent=3484"}],"wp:term":[{"taxonomy":"category","embeddable":true,"href":"http:\/\/www.rincondelbulla.cl\/portal\/wp-json\/wp\/v2\/categories?post=3484"},{"taxonomy":"post_tag","embeddable":true,"href":"http:\/\/www.rincondelbulla.cl\/portal\/wp-json\/wp\/v2\/tags?post=3484"}],"curies":[{"name":"wp","href":"https:\/\/api.w.org\/{rel}","templated":true}]}}