{"id":3486,"date":"2013-06-15T01:14:45","date_gmt":"2013-06-15T01:14:45","guid":{"rendered":"http:\/\/www.rincondelbulla.cl\/portal\/?p=3486"},"modified":"2013-06-15T01:14:45","modified_gmt":"2013-06-15T01:14:45","slug":"juan-rodrigo-rojas-ya-es-oficialmente-azul","status":"publish","type":"post","link":"http:\/\/www.rincondelbulla.cl\/portal\/2013\/06\/15\/juan-rodrigo-rojas-ya-es-oficialmente-azul\/","title":{"rendered":"Juan Rodrigo Rojas ya es oficialmente azul"},"content":{"rendered":"<figure id=\"attachment_5092\" aria-describedby=\"caption-attachment-5092\" style=\"width: 620px\" class=\"wp-caption alignnone\"><img loading=\"lazy\" decoding=\"async\" class=\" size-full wp-image-5092\" src=\"http:\/\/www.rincondelbulla.cl\/portal\/wp-content\/uploads\/2013\/06\/359da792bacc6c8e92211ae288dcfcf4.jpg\" alt=\"\" class=\"caption\" title=\"Foto: Google\" width=\"620\" height=\"413\" srcset=\"http:\/\/www.rincondelbulla.cl\/portal\/wp-content\/uploads\/2013\/06\/359da792bacc6c8e92211ae288dcfcf4.jpg 620w, http:\/\/www.rincondelbulla.cl\/portal\/wp-content\/uploads\/2013\/06\/359da792bacc6c8e92211ae288dcfcf4-300x200.jpg 300w\" sizes=\"auto, (max-width: 620px) 100vw, 620px\" \/><figcaption id=\"caption-attachment-5092\" class=\"wp-caption-text\">Foto: Google<\/figcaption><\/figure>\n<p><strong>El volante paraguayo de 25 a\u00f1os, Juan Rodrigo Rojas se convirti\u00f3 en el primer refuerzo que llega a Universidad de Chile con miras al segindo semestre, el volante llega tras un exitos paso por O\u00bbHiggins.<\/strong> <!--more--> En el Centro Deportivo Azul, se dieron citas los periodistas deportivos para ser testigos de la presentaci\u00f3n del primer refuerzo de Universidad de Chile de la presente temporara. El guaran\u00ed de 25 a\u00f1os firmo por las sigueintes temporadas en club azul.<\/p>\n<h2>El volante utilizar\u00e1 la camiseta n\u00famero 8, ocupando as\u00ed el espacio en el mediocampo que dejara Guillermo Marino. Al ser presentado, Juan Rodrigo Rojas no ocult\u00f3 su satisfacci\u00f3n de llegar a un club como Universidad de Chile,\u00bbMe ha tocado jugar en equipos grandes, as\u00ed que espero que ac\u00e1 me vaya bien. Es motivante llegar a un plantel que cuenta con jugadores de tanta jerarqu\u00eda\u00bb, se\u00f1al\u00f3 el volante.<\/p>\n<p>Juan Rodrigo Rojas tambi\u00e9n tuvo palabras para la instituci\u00f3n que lo cobijar\u00e1 por las pr\u00f3ximas temporadas, \u00abestoy realmente muy agradecido, s\u00e9 lo que significa esta instituci\u00f3n y jugar aqu\u00ed es importante para mi carrera\u00bb, a\u00f1adi\u00f3.<\/h2>\n<h2>De esta forma, Rojas se suma al retorno de Felipe Gallegos y a la casi segura incorporaci\u00f3n del j\u00f3ven lateral Marcelo Jorquera, con quien s\u00f3lo faltar\u00eda la firma. En tanto sigue sonando el nombre de Bryan Cort\u00e9s para reforzar al Le\u00f3n.&nbsp;<strong style=\"color: #000000; font-family: arial, helvetica, clean, sans-serif; font-size: 14px; line-height: 20.4375px;\"><br \/><\/strong><\/h2>\n<p>&nbsp;<\/p>\n<p>&nbsp;<\/p>\n<p>&nbsp;<\/p>\n","protected":false},"excerpt":{"rendered":"<p>El volante paraguayo de 25 a\u00f1os, Juan Rodrigo Rojas se convirti\u00f3 en el primer refuerzo que llega a Universidad de Chile con miras al segindo semestre, el volante llega tras un exitos paso por O\u00bbHiggins.<\/p>\n","protected":false},"author":56,"featured_media":5092,"comment_status":"open","ping_status":"open","sticky":false,"template":"","format":"standard","meta":{"footnotes":""},"categories":[18],"tags":[],"class_list":{"0":"post-3486","1":"post","2":"type-post","3":"status-publish","4":"format-standard","5":"has-post-thumbnail","7":"category-actualidad"},"_links":{"self":[{"href":"http:\/\/www.rincondelbulla.cl\/portal\/wp-json\/wp\/v2\/posts\/3486","targetHints":{"allow":["GET"]}}],"collection":[{"href":"http:\/\/www.rincondelbulla.cl\/portal\/wp-json\/wp\/v2\/posts"}],"about":[{"href":"http:\/\/www.rincondelbulla.cl\/portal\/wp-json\/wp\/v2\/types\/post"}],"author":[{"embeddable":true,"href":"http:\/\/www.rincondelbulla.cl\/portal\/wp-json\/wp\/v2\/users\/56"}],"replies":[{"embeddable":true,"href":"http:\/\/www.rincondelbulla.cl\/portal\/wp-json\/wp\/v2\/comments?post=3486"}],"version-history":[{"count":0,"href":"http:\/\/www.rincondelbulla.cl\/portal\/wp-json\/wp\/v2\/posts\/3486\/revisions"}],"wp:featuredmedia":[{"embeddable":true,"href":"http:\/\/www.rincondelbulla.cl\/portal\/wp-json\/wp\/v2\/media\/5092"}],"wp:attachment":[{"href":"http:\/\/www.rincondelbulla.cl\/portal\/wp-json\/wp\/v2\/media?parent=3486"}],"wp:term":[{"taxonomy":"category","embeddable":true,"href":"http:\/\/www.rincondelbulla.cl\/portal\/wp-json\/wp\/v2\/categories?post=3486"},{"taxonomy":"post_tag","embeddable":true,"href":"http:\/\/www.rincondelbulla.cl\/portal\/wp-json\/wp\/v2\/tags?post=3486"}],"curies":[{"name":"wp","href":"https:\/\/api.w.org\/{rel}","templated":true}]}}