{"id":3488,"date":"2013-06-18T01:29:11","date_gmt":"2013-06-18T01:29:11","guid":{"rendered":"http:\/\/www.rincondelbulla.cl\/portal\/?p=3488"},"modified":"2013-06-18T01:29:11","modified_gmt":"2013-06-18T01:29:11","slug":"juan-rodrigo-rojas-y-su-primer-entrenamiento-con-la-u-todo-lo-que-encaremos-tenemos-que-ganarlo-y-para-eso-estamos-trabajando","status":"publish","type":"post","link":"http:\/\/www.rincondelbulla.cl\/portal\/2013\/06\/18\/juan-rodrigo-rojas-y-su-primer-entrenamiento-con-la-u-todo-lo-que-encaremos-tenemos-que-ganarlo-y-para-eso-estamos-trabajando\/","title":{"rendered":"Juan Rodrigo Rojas y su primer entrenamiento con la U: \u00abTodo lo que encaremos tenemos que ganarlo y para eso estamos trabajando\u00bb"},"content":{"rendered":"<figure id=\"attachment_5094\" aria-describedby=\"caption-attachment-5094\" style=\"width: 660px\" class=\"wp-caption alignnone\"><img loading=\"lazy\" decoding=\"async\" class=\" size-full wp-image-5094\" src=\"http:\/\/www.rincondelbulla.cl\/portal\/wp-content\/uploads\/2013\/06\/e01f13a655f218b7e9f0d84c1e0f5df8.jpg\" alt=\"\" class=\"caption\" title=\"Foto: Google\" width=\"660\" height=\"350\" srcset=\"http:\/\/www.rincondelbulla.cl\/portal\/wp-content\/uploads\/2013\/06\/e01f13a655f218b7e9f0d84c1e0f5df8.jpg 660w, http:\/\/www.rincondelbulla.cl\/portal\/wp-content\/uploads\/2013\/06\/e01f13a655f218b7e9f0d84c1e0f5df8-300x159.jpg 300w\" sizes=\"auto, (max-width: 660px) 100vw, 660px\" \/><figcaption id=\"caption-attachment-5094\" class=\"wp-caption-text\">Foto: Google<\/figcaption><\/figure>\n<p><strong>Hoy lunes comenz\u00f3 la pretempora azul en la ciudada de La Serena. Dar\u00edo Franco trabaj\u00f3 en jornada tirple.<\/strong><\/p>\n<p>  <!--more-->  <\/p>\n<p>El trabajo de Universidad de Chile comenz\u00f3 esta ma\u00f1ana en La Serena con miras al inicio del torneo del segundo semestre. Y tuvo una cara nueva: el paraguayo Juan Rodrigo Rojas.<\/p>\n<p>&nbsp;<\/p>\n<p>Rojas se mostr\u00f3 contento con su llegada y dijo que viene con \u00abla predisposici\u00f3n de siempre\u00bb.<\/p>\n<p><strong>\u00abAcabo de llegar, es mi primer entrenamiento. Cada t\u00e9cnico tiene su estilo y voy a tratar de adaptarme cuanto antes. Conozco el prestigio que tiene esta instituci\u00f3n Chile y ojal\u00e1 pueda ser un aporte\u00bb<\/strong>, dijo el \u00abguaran\u00ed\u00bb.<\/p>\n<p><strong>\u00abEstoy con la misma predisposici\u00f3n de siempre. Tranquilo y confiado en lo que pueda hacer. Todo depende de el conjunto\u00bb<\/strong>, a\u00f1adi\u00f3 el ex O&#8217;Higgins.<\/p>\n<p><strong>\u00abTodo lo que encaremos tenemos que ganarlo y para eso estamos trabajando\u00bb<\/strong>, cerr\u00f3 Rojas en relaci\u00f3n a los tres torneos que disputar\u00e1 la \u00abU\u00bb en el segundo semestre.<\/p>\n<p>Primer trabajo<br \/>Este lunes por la ma\u00f1ana comenz\u00f3 la pretemporada de Universidad de Chile, con una jornada matinal que se dividi\u00f3 en dos partes. Mientras que por la tarde se completar\u00e1 la tercera parte del primer d\u00eda de dos semanas de exigente preparaci\u00f3n con miras a los pr\u00f3ximos desaf\u00edos.<\/p>\n<p>Los dirigidos por Dar\u00edo Franco iniciaron la jornada en el gimnasio de La Serena Golf. Luego, los futbolistas se trasladaron hasta el Polideportivo Cordep, en donde realizaron trabajos con bal\u00f3n, f\u00fatbol reducido y velocidad.<\/p>\n<p>Mientras que para la tarde est\u00e1 fijado el trabajo en La Serena Golf, lugar en el que las labores estar\u00e1n relacionadas con el aspecto f\u00edsico y la resistencia anaer\u00f3bica.<\/p>\n<p>Universidad de Chile permanecer\u00e1 dos semanas en La Serena, donde se someter\u00e1 a exigentes jornadas de entrenamientos para, de este modo, llegar de la mejor forma posible a los torneos del segundo semestre de este a\u00f1o.<\/p>\n<p>&nbsp;<\/p>\n<p><strong>Fuente: La Tercera.com<\/strong><\/p>\n","protected":false},"excerpt":{"rendered":"<p>Hoy lunes comenz\u00f3 la pretempora azul en la ciudada de La Serena. Dar\u00edo Franco trabaj\u00f3 en jornada tirple.<\/p>\n","protected":false},"author":56,"featured_media":5094,"comment_status":"open","ping_status":"open","sticky":false,"template":"","format":"standard","meta":{"footnotes":""},"categories":[18],"tags":[],"class_list":{"0":"post-3488","1":"post","2":"type-post","3":"status-publish","4":"format-standard","5":"has-post-thumbnail","7":"category-actualidad"},"_links":{"self":[{"href":"http:\/\/www.rincondelbulla.cl\/portal\/wp-json\/wp\/v2\/posts\/3488","targetHints":{"allow":["GET"]}}],"collection":[{"href":"http:\/\/www.rincondelbulla.cl\/portal\/wp-json\/wp\/v2\/posts"}],"about":[{"href":"http:\/\/www.rincondelbulla.cl\/portal\/wp-json\/wp\/v2\/types\/post"}],"author":[{"embeddable":true,"href":"http:\/\/www.rincondelbulla.cl\/portal\/wp-json\/wp\/v2\/users\/56"}],"replies":[{"embeddable":true,"href":"http:\/\/www.rincondelbulla.cl\/portal\/wp-json\/wp\/v2\/comments?post=3488"}],"version-history":[{"count":0,"href":"http:\/\/www.rincondelbulla.cl\/portal\/wp-json\/wp\/v2\/posts\/3488\/revisions"}],"wp:featuredmedia":[{"embeddable":true,"href":"http:\/\/www.rincondelbulla.cl\/portal\/wp-json\/wp\/v2\/media\/5094"}],"wp:attachment":[{"href":"http:\/\/www.rincondelbulla.cl\/portal\/wp-json\/wp\/v2\/media?parent=3488"}],"wp:term":[{"taxonomy":"category","embeddable":true,"href":"http:\/\/www.rincondelbulla.cl\/portal\/wp-json\/wp\/v2\/categories?post=3488"},{"taxonomy":"post_tag","embeddable":true,"href":"http:\/\/www.rincondelbulla.cl\/portal\/wp-json\/wp\/v2\/tags?post=3488"}],"curies":[{"name":"wp","href":"https:\/\/api.w.org\/{rel}","templated":true}]}}