{"id":3489,"date":"2013-06-18T21:24:05","date_gmt":"2013-06-18T21:24:05","guid":{"rendered":"http:\/\/www.rincondelbulla.cl\/portal\/?p=3489"},"modified":"2013-06-18T21:24:05","modified_gmt":"2013-06-18T21:24:05","slug":"cesar-cortes-pone-como-meta-en-la-u-ganarlo-todo","status":"publish","type":"post","link":"http:\/\/www.rincondelbulla.cl\/portal\/2013\/06\/18\/cesar-cortes-pone-como-meta-en-la-u-ganarlo-todo\/","title":{"rendered":"C\u00e9sar Cort\u00e9s pone como meta en la U ganarlo todo"},"content":{"rendered":"<p><img loading=\"lazy\" decoding=\"async\" class=\" size-full wp-image-5095\" src=\"http:\/\/www.rincondelbulla.cl\/portal\/wp-content\/uploads\/2013\/06\/2910b9a0444137dcb0370ef6664fc36d.jpg\" alt=\"\" width=\"700\" height=\"396\" srcset=\"http:\/\/www.rincondelbulla.cl\/portal\/wp-content\/uploads\/2013\/06\/2910b9a0444137dcb0370ef6664fc36d.jpg 700w, http:\/\/www.rincondelbulla.cl\/portal\/wp-content\/uploads\/2013\/06\/2910b9a0444137dcb0370ef6664fc36d-300x170.jpg 300w, http:\/\/www.rincondelbulla.cl\/portal\/wp-content\/uploads\/2013\/06\/2910b9a0444137dcb0370ef6664fc36d-696x394.jpg 696w\" sizes=\"auto, (max-width: 700px) 100vw, 700px\" \/><\/p>\n<p><strong>El ariete azul habl\u00f3 con la prensa en La Serena en donde se refiri\u00f3 a su presente futbol\u00edstico y a las cr\u00edticas hacia Franco <!--more--> <\/strong>Un duro trabajo trabajo es el\u00f1 que lleva a cabo el plantel de Universidad de Chile en La Serena, C\u00e9sar Cort\u00e9s se\u00f1al\u00f3 que pese a lo exigente ya se han acostumbrado al trabajo que les pide Dar\u00edo Franco.<\/p>\n<p>Respecto a los desaf\u00edos de cara a la nueva temporada el delantero se\u00f1al\u00f3 <strong>\u00abesperamos hacerlo mejor que en el primer semestre y tener m\u00e1s t\u00edtulos. La idea es ser campe\u00f3n de la Copa Chile, del torneo Nacional, ojal\u00e1 de la Sudamericana. Ganar todo lo que venga\u00bb<\/strong>.<\/p>\n<p>En relaci\u00f3n a las cr\u00edticas de los hinchas al trabajo del estratega Dar\u00edo Franco, Cort\u00e9s fue enf\u00e1tico en se\u00f1alar que el cuerpo t\u00e9cnico tiene todo el respaldo del plantel.<\/p>\n<p>Tambi\u00e9n tuvo palabra para los refuerzos que llegaron y llegar\u00e1n al Le\u00f3n pidiendo que se integren lo antes posible,<strong> \u00abojala que lleguen r\u00e1pido los refuerzos para que se integren a la pretemporada y a lo que quiere el t\u00e9cnico&#8230;\u00bb<\/strong>, agreg\u00f3.<\/p>\n<p>Tabi\u00e9n tuvo palabras para el posible retorno de Rodrigo Tello al Bulla,<strong> \u00abCada uno de las personas que llegue va a aportar, Rodrigo es un jugador de la \u2018U\u2019 y que tiene mucha experiencia\u00bb<\/strong>, sentenci\u00f3.<\/p>\n","protected":false},"excerpt":{"rendered":"<p>El ariete azul habl\u00f3 con la prensa en La Serena en donde se refiri\u00f3 a su presente futbol\u00edstico y a las cr\u00edticas hacia Franco<\/p>\n","protected":false},"author":56,"featured_media":5095,"comment_status":"open","ping_status":"open","sticky":false,"template":"","format":"standard","meta":{"footnotes":""},"categories":[18],"tags":[],"class_list":{"0":"post-3489","1":"post","2":"type-post","3":"status-publish","4":"format-standard","5":"has-post-thumbnail","7":"category-actualidad"},"_links":{"self":[{"href":"http:\/\/www.rincondelbulla.cl\/portal\/wp-json\/wp\/v2\/posts\/3489","targetHints":{"allow":["GET"]}}],"collection":[{"href":"http:\/\/www.rincondelbulla.cl\/portal\/wp-json\/wp\/v2\/posts"}],"about":[{"href":"http:\/\/www.rincondelbulla.cl\/portal\/wp-json\/wp\/v2\/types\/post"}],"author":[{"embeddable":true,"href":"http:\/\/www.rincondelbulla.cl\/portal\/wp-json\/wp\/v2\/users\/56"}],"replies":[{"embeddable":true,"href":"http:\/\/www.rincondelbulla.cl\/portal\/wp-json\/wp\/v2\/comments?post=3489"}],"version-history":[{"count":0,"href":"http:\/\/www.rincondelbulla.cl\/portal\/wp-json\/wp\/v2\/posts\/3489\/revisions"}],"wp:featuredmedia":[{"embeddable":true,"href":"http:\/\/www.rincondelbulla.cl\/portal\/wp-json\/wp\/v2\/media\/5095"}],"wp:attachment":[{"href":"http:\/\/www.rincondelbulla.cl\/portal\/wp-json\/wp\/v2\/media?parent=3489"}],"wp:term":[{"taxonomy":"category","embeddable":true,"href":"http:\/\/www.rincondelbulla.cl\/portal\/wp-json\/wp\/v2\/categories?post=3489"},{"taxonomy":"post_tag","embeddable":true,"href":"http:\/\/www.rincondelbulla.cl\/portal\/wp-json\/wp\/v2\/tags?post=3489"}],"curies":[{"name":"wp","href":"https:\/\/api.w.org\/{rel}","templated":true}]}}