{"id":3490,"date":"2013-06-19T01:45:47","date_gmt":"2013-06-19T01:45:47","guid":{"rendered":"http:\/\/www.rincondelbulla.cl\/portal\/?p=3490"},"modified":"2013-06-19T01:45:47","modified_gmt":"2013-06-19T01:45:47","slug":"atencion-bullangueros-de-coquimbo-y-serena-el-leon-jugaria-ante-coquimbo-unido","status":"publish","type":"post","link":"http:\/\/www.rincondelbulla.cl\/portal\/2013\/06\/19\/atencion-bullangueros-de-coquimbo-y-serena-el-leon-jugaria-ante-coquimbo-unido\/","title":{"rendered":"Atenci\u00f3n bullangueros de Coquimbo y Serena, el Le\u00f3n jugar\u00eda ante Coquimbo Unido"},"content":{"rendered":"<figure id=\"attachment_5096\" aria-describedby=\"caption-attachment-5096\" style=\"width: 1600px\" class=\"wp-caption alignnone\"><img loading=\"lazy\" decoding=\"async\" class=\" size-full wp-image-5096\" src=\"http:\/\/www.rincondelbulla.cl\/portal\/wp-content\/uploads\/2013\/06\/c2f1d54ce1828aef32738f55dd882a5d.jpg\" alt=\"\" class=\"caption\" title=\"Foto: El Observatodo\" width=\"1600\" height=\"1070\" srcset=\"http:\/\/www.rincondelbulla.cl\/portal\/wp-content\/uploads\/2013\/06\/c2f1d54ce1828aef32738f55dd882a5d.jpg 1600w, http:\/\/www.rincondelbulla.cl\/portal\/wp-content\/uploads\/2013\/06\/c2f1d54ce1828aef32738f55dd882a5d-300x201.jpg 300w, http:\/\/www.rincondelbulla.cl\/portal\/wp-content\/uploads\/2013\/06\/c2f1d54ce1828aef32738f55dd882a5d-768x514.jpg 768w, http:\/\/www.rincondelbulla.cl\/portal\/wp-content\/uploads\/2013\/06\/c2f1d54ce1828aef32738f55dd882a5d-1200x803.jpg 1200w, http:\/\/www.rincondelbulla.cl\/portal\/wp-content\/uploads\/2013\/06\/c2f1d54ce1828aef32738f55dd882a5d-696x465.jpg 696w, http:\/\/www.rincondelbulla.cl\/portal\/wp-content\/uploads\/2013\/06\/c2f1d54ce1828aef32738f55dd882a5d-1068x714.jpg 1068w, http:\/\/www.rincondelbulla.cl\/portal\/wp-content\/uploads\/2013\/06\/c2f1d54ce1828aef32738f55dd882a5d-628x420.jpg 628w\" sizes=\"auto, (max-width: 1600px) 100vw, 1600px\" \/><figcaption id=\"caption-attachment-5096\" class=\"wp-caption-text\">Foto: El Observatodo<\/figcaption><\/figure>\n<p><strong>El encuentr, de confirmarse, se realizar\u00e1 el domingo 23 de junio en el Estadio Francisco S\u00e1nchez Rumoroso a las 19 hrs.<\/strong><\/p>\n<p>  <!--more-->  <\/p>\n<p>Su segundo d\u00eda de pretemporada realiza el cuadro de Universidad de Chile en La Serena. Los dirigidos de Dario Franco esta ma\u00f1ana realizaron f\u00fatbol en las canchas del complejo deportivo CORDEP, para luego durante la tarde realizar trabajo de musculatura en La Serena Golf.<\/p>\n<p>&nbsp;<\/p>\n<p>Si bien no est\u00e1 confirmado de manera oficial, es casi un hecho que los azules jugar\u00e1n un encuentro de preparaci\u00f3n con Coquimbo Unido, el pr\u00f3ximo domingo a las 19:00 horas, en cancha por definir, aunque probablemente sea en el Estadio Francisco S\u00e1nchez Rumoroso, el cual adem\u00e1s podr\u00eda ser televisado.<\/p>\n<p><strong>Fuente: El Observatodo<\/strong><\/p>\n","protected":false},"excerpt":{"rendered":"<p>El encuentr, de confirmarse, se realizar\u00e1 el domingo 23 de junio en el Estadio Francisco S\u00e1nchez Rumoroso a las 19 hrs.<\/p>\n","protected":false},"author":56,"featured_media":5096,"comment_status":"open","ping_status":"open","sticky":false,"template":"","format":"standard","meta":{"footnotes":""},"categories":[18],"tags":[],"class_list":{"0":"post-3490","1":"post","2":"type-post","3":"status-publish","4":"format-standard","5":"has-post-thumbnail","7":"category-actualidad"},"_links":{"self":[{"href":"http:\/\/www.rincondelbulla.cl\/portal\/wp-json\/wp\/v2\/posts\/3490","targetHints":{"allow":["GET"]}}],"collection":[{"href":"http:\/\/www.rincondelbulla.cl\/portal\/wp-json\/wp\/v2\/posts"}],"about":[{"href":"http:\/\/www.rincondelbulla.cl\/portal\/wp-json\/wp\/v2\/types\/post"}],"author":[{"embeddable":true,"href":"http:\/\/www.rincondelbulla.cl\/portal\/wp-json\/wp\/v2\/users\/56"}],"replies":[{"embeddable":true,"href":"http:\/\/www.rincondelbulla.cl\/portal\/wp-json\/wp\/v2\/comments?post=3490"}],"version-history":[{"count":0,"href":"http:\/\/www.rincondelbulla.cl\/portal\/wp-json\/wp\/v2\/posts\/3490\/revisions"}],"wp:featuredmedia":[{"embeddable":true,"href":"http:\/\/www.rincondelbulla.cl\/portal\/wp-json\/wp\/v2\/media\/5096"}],"wp:attachment":[{"href":"http:\/\/www.rincondelbulla.cl\/portal\/wp-json\/wp\/v2\/media?parent=3490"}],"wp:term":[{"taxonomy":"category","embeddable":true,"href":"http:\/\/www.rincondelbulla.cl\/portal\/wp-json\/wp\/v2\/categories?post=3490"},{"taxonomy":"post_tag","embeddable":true,"href":"http:\/\/www.rincondelbulla.cl\/portal\/wp-json\/wp\/v2\/tags?post=3490"}],"curies":[{"name":"wp","href":"https:\/\/api.w.org\/{rel}","templated":true}]}}