{"id":3492,"date":"2013-06-20T01:44:56","date_gmt":"2013-06-20T01:44:56","guid":{"rendered":"http:\/\/www.rincondelbulla.cl\/portal\/?p=3492"},"modified":"2013-06-20T01:44:56","modified_gmt":"2013-06-20T01:44:56","slug":"hoy-fue-presentado-el-joven-lateral-marcelo-jorquera","status":"publish","type":"post","link":"http:\/\/www.rincondelbulla.cl\/portal\/2013\/06\/20\/hoy-fue-presentado-el-joven-lateral-marcelo-jorquera\/","title":{"rendered":"Hoy fue presentado el joven lateral Marcelo Jorquera"},"content":{"rendered":"<figure id=\"attachment_5098\" aria-describedby=\"caption-attachment-5098\" style=\"width: 460px\" class=\"wp-caption alignnone\"><img loading=\"lazy\" decoding=\"async\" class=\" size-full wp-image-5098\" src=\"http:\/\/www.rincondelbulla.cl\/portal\/wp-content\/uploads\/2013\/06\/6da4961fc61d08e9b5f80c8ea30d8ffc.jpg\" alt=\"\" class=\"caption\" title=\"Foto: Google\" width=\"460\" height=\"345\" srcset=\"http:\/\/www.rincondelbulla.cl\/portal\/wp-content\/uploads\/2013\/06\/6da4961fc61d08e9b5f80c8ea30d8ffc.jpg 460w, http:\/\/www.rincondelbulla.cl\/portal\/wp-content\/uploads\/2013\/06\/6da4961fc61d08e9b5f80c8ea30d8ffc-300x225.jpg 300w, http:\/\/www.rincondelbulla.cl\/portal\/wp-content\/uploads\/2013\/06\/6da4961fc61d08e9b5f80c8ea30d8ffc-80x60.jpg 80w, http:\/\/www.rincondelbulla.cl\/portal\/wp-content\/uploads\/2013\/06\/6da4961fc61d08e9b5f80c8ea30d8ffc-265x198.jpg 265w\" sizes=\"auto, (max-width: 460px) 100vw, 460px\" \/><figcaption id=\"caption-attachment-5098\" class=\"wp-caption-text\">Foto: Google<\/figcaption><\/figure>\n<p><strong>Ya se sum\u00f3 a la pretemporada azul el joven lateral izquierdo Marcelo Jorquera, proveniente de \u00d1ublense Jorquera se transforma en una apuesta, que al parecer va de ganador.<\/strong> <!--more--> <\/p>\n<p>Durante la presente jornada, Universidad de Chile oficializ\u00f3 la llegada del joven lateral izquierdo, Marcelo Jorquera. El jugador llega procedente de \u00d1ublense y ya se encuentra en La Serena realizando la pretemporada con los laicos.&nbsp;<\/p>\n<p><strong>\u201cEstoy demasiado feliz en Universidad de Chile, he sentido el apoyo de los jugadores, adem\u00e1s ya conoc\u00eda a Isaac D\u00edaz de \u00d1ublense, por lo que me siento m\u00e1s c\u00f3modo todav\u00eda\u201d<\/strong>, dijo en la rueda de prensa desde el complejo La Serena Golf.<\/p>\n<p>El refuerzo azul agreg\u00f3 que<strong> \u201cla lucha ser\u00e1 complicada pero debo trabajar para poder ganarme la oportunidad\u201d.<\/strong><\/p>\n<p>Jorquera arriba a la tienda azul con 20 a\u00f1os y 1.80 metros de altura. En la temporada pasada, firm\u00f3 su primer contrato como profesional en \u00d1ublense luego de realizar divisiones inferiores en Uni\u00f3n Espa\u00f1ola y pasar por Osorno.<\/p>\n<p>&nbsp;<\/p>\n<p><strong>Fuente: Sitio oficial de Universidad de Chile<\/strong><\/p>\n","protected":false},"excerpt":{"rendered":"<p>Ya se sum\u00f3 a la pretemporada azul el joven lateral izquierdo Marcelo Jorquera, proveniente de \u00d1ublense Jorquera se transforma en una apuesta, que al parecer va de ganador.<\/p>\n","protected":false},"author":56,"featured_media":5098,"comment_status":"open","ping_status":"open","sticky":false,"template":"","format":"standard","meta":{"footnotes":""},"categories":[18],"tags":[],"class_list":{"0":"post-3492","1":"post","2":"type-post","3":"status-publish","4":"format-standard","5":"has-post-thumbnail","7":"category-actualidad"},"_links":{"self":[{"href":"http:\/\/www.rincondelbulla.cl\/portal\/wp-json\/wp\/v2\/posts\/3492","targetHints":{"allow":["GET"]}}],"collection":[{"href":"http:\/\/www.rincondelbulla.cl\/portal\/wp-json\/wp\/v2\/posts"}],"about":[{"href":"http:\/\/www.rincondelbulla.cl\/portal\/wp-json\/wp\/v2\/types\/post"}],"author":[{"embeddable":true,"href":"http:\/\/www.rincondelbulla.cl\/portal\/wp-json\/wp\/v2\/users\/56"}],"replies":[{"embeddable":true,"href":"http:\/\/www.rincondelbulla.cl\/portal\/wp-json\/wp\/v2\/comments?post=3492"}],"version-history":[{"count":0,"href":"http:\/\/www.rincondelbulla.cl\/portal\/wp-json\/wp\/v2\/posts\/3492\/revisions"}],"wp:featuredmedia":[{"embeddable":true,"href":"http:\/\/www.rincondelbulla.cl\/portal\/wp-json\/wp\/v2\/media\/5098"}],"wp:attachment":[{"href":"http:\/\/www.rincondelbulla.cl\/portal\/wp-json\/wp\/v2\/media?parent=3492"}],"wp:term":[{"taxonomy":"category","embeddable":true,"href":"http:\/\/www.rincondelbulla.cl\/portal\/wp-json\/wp\/v2\/categories?post=3492"},{"taxonomy":"post_tag","embeddable":true,"href":"http:\/\/www.rincondelbulla.cl\/portal\/wp-json\/wp\/v2\/tags?post=3492"}],"curies":[{"name":"wp","href":"https:\/\/api.w.org\/{rel}","templated":true}]}}