{"id":3493,"date":"2013-06-21T02:44:51","date_gmt":"2013-06-21T02:44:51","guid":{"rendered":"http:\/\/www.rincondelbulla.cl\/portal\/?p=3493"},"modified":"2013-06-21T02:44:51","modified_gmt":"2013-06-21T02:44:51","slug":"garces-ya-no-seria-segundo-arquero","status":"publish","type":"post","link":"http:\/\/www.rincondelbulla.cl\/portal\/2013\/06\/21\/garces-ya-no-seria-segundo-arquero\/","title":{"rendered":"Garces ya no ser\u00eda segundo arquero"},"content":{"rendered":"<p><img loading=\"lazy\" decoding=\"async\" class=\" size-full wp-image-5099\" src=\"http:\/\/www.rincondelbulla.cl\/portal\/wp-content\/uploads\/2013\/06\/83e890e51ea999999de0fad0ae58fd80.jpg\" alt=\"\" width=\"700\" height=\"396\" srcset=\"http:\/\/www.rincondelbulla.cl\/portal\/wp-content\/uploads\/2013\/06\/83e890e51ea999999de0fad0ae58fd80.jpg 700w, http:\/\/www.rincondelbulla.cl\/portal\/wp-content\/uploads\/2013\/06\/83e890e51ea999999de0fad0ae58fd80-300x170.jpg 300w, http:\/\/www.rincondelbulla.cl\/portal\/wp-content\/uploads\/2013\/06\/83e890e51ea999999de0fad0ae58fd80-696x394.jpg 696w\" sizes=\"auto, (max-width: 700px) 100vw, 700px\" \/><\/p>\n<p><strong>El meta se\u00f1al\u00f3 que est\u00e1 a la espera de lo que pase con Johnny Herrera, pero de quedarse ser\u00eda el arquero titular.<\/strong><\/p>\n<p>  <!--more-->  <\/p>\n<p>Universidad de Chile contin\u00faa con su pretemporada en La Serena, sumando a los refuerzos que han ido llegando, sin embargo las \u00abm\u00f3vidas\u00bb futbol\u00edsticas tambi\u00e9n mantiene al camar\u00edn en vilo.<\/p>\n<p>&nbsp;<\/p>\n<p>El meta Paulo Garc\u00e9s se\u00f1al\u00f3 hoy que su futuro a\u00fan es incierto y esperar\u00e1 hasta el domingo para ver los que pasa con la situaci\u00f3n de Johnny Herrera, de todas formas coment\u00f3 que de quedarse en la tienda estudiantil no segur\u00eda siendo segundo arequero, esto seg\u00fan un areuni\u00f3n que tuvo con la dirigencia de Azul Azul.<\/p>\n<p>Mientras ttanto Johnny Herrera deber\u00e1 esperar el dictamen de la justicia, en el caso del atropello de la joven Macarena Cassaus. Hoy termin\u00f3 el juicio oral y dentro de unas horas deber\u00eda conocerse el dictamen.<\/p>\n<p>Seg\u00fan la resoluci\u00f3n judicial, Herrera decidir\u00e1 si contin\u00faa en Universidad de Chile o emigra alg\u00fan club extranjero. Cabe se\u00f1alar que Herrera maneja ofertas de Turqu\u00eda y Argentina, en donde el d\u00eda de hoy el Club San Lorenzo confirm\u00f3 el inter\u00e9s por el meta nacioanal.<\/p>\n<p>\u00bf Crees que Garc\u00e9s pueda cumplir con la funci\u00f3n de arquero titular en el Le\u00f3n?<\/p>\n","protected":false},"excerpt":{"rendered":"<p>El meta se\u00f1al\u00f3 que est\u00e1 a la espera de lo que pase con Johnny Herrera, pero de quedarse ser\u00eda el arquero titular.<\/p>\n","protected":false},"author":56,"featured_media":5099,"comment_status":"open","ping_status":"open","sticky":false,"template":"","format":"standard","meta":{"footnotes":""},"categories":[18],"tags":[],"class_list":{"0":"post-3493","1":"post","2":"type-post","3":"status-publish","4":"format-standard","5":"has-post-thumbnail","7":"category-actualidad"},"_links":{"self":[{"href":"http:\/\/www.rincondelbulla.cl\/portal\/wp-json\/wp\/v2\/posts\/3493","targetHints":{"allow":["GET"]}}],"collection":[{"href":"http:\/\/www.rincondelbulla.cl\/portal\/wp-json\/wp\/v2\/posts"}],"about":[{"href":"http:\/\/www.rincondelbulla.cl\/portal\/wp-json\/wp\/v2\/types\/post"}],"author":[{"embeddable":true,"href":"http:\/\/www.rincondelbulla.cl\/portal\/wp-json\/wp\/v2\/users\/56"}],"replies":[{"embeddable":true,"href":"http:\/\/www.rincondelbulla.cl\/portal\/wp-json\/wp\/v2\/comments?post=3493"}],"version-history":[{"count":0,"href":"http:\/\/www.rincondelbulla.cl\/portal\/wp-json\/wp\/v2\/posts\/3493\/revisions"}],"wp:featuredmedia":[{"embeddable":true,"href":"http:\/\/www.rincondelbulla.cl\/portal\/wp-json\/wp\/v2\/media\/5099"}],"wp:attachment":[{"href":"http:\/\/www.rincondelbulla.cl\/portal\/wp-json\/wp\/v2\/media?parent=3493"}],"wp:term":[{"taxonomy":"category","embeddable":true,"href":"http:\/\/www.rincondelbulla.cl\/portal\/wp-json\/wp\/v2\/categories?post=3493"},{"taxonomy":"post_tag","embeddable":true,"href":"http:\/\/www.rincondelbulla.cl\/portal\/wp-json\/wp\/v2\/tags?post=3493"}],"curies":[{"name":"wp","href":"https:\/\/api.w.org\/{rel}","templated":true}]}}