{"id":3496,"date":"2013-06-24T01:05:46","date_gmt":"2013-06-24T01:05:46","guid":{"rendered":"http:\/\/www.rincondelbulla.cl\/portal\/?p=3496"},"modified":"2013-06-24T01:05:46","modified_gmt":"2013-06-24T01:05:46","slug":"en-rodaje-por-favor-apurar","status":"publish","type":"post","link":"http:\/\/www.rincondelbulla.cl\/portal\/2013\/06\/24\/en-rodaje-por-favor-apurar\/","title":{"rendered":"En rodaje, por favor apurar"},"content":{"rendered":"<figure id=\"attachment_5102\" aria-describedby=\"caption-attachment-5102\" style=\"width: 403px\" class=\"wp-caption alignnone\"><img loading=\"lazy\" decoding=\"async\" class=\" size-full wp-image-5102\" src=\"http:\/\/www.rincondelbulla.cl\/portal\/wp-content\/uploads\/2013\/06\/df5cb5ef66859fc416d1d351416e3f08.jpg\" alt=\"Foto: Felipe Inostroza\" class=\"caption\" title=\"La U empat\u00f3 en Coquimbo\" width=\"403\" height=\"302\" srcset=\"http:\/\/www.rincondelbulla.cl\/portal\/wp-content\/uploads\/2013\/06\/df5cb5ef66859fc416d1d351416e3f08.jpg 403w, http:\/\/www.rincondelbulla.cl\/portal\/wp-content\/uploads\/2013\/06\/df5cb5ef66859fc416d1d351416e3f08-300x225.jpg 300w, http:\/\/www.rincondelbulla.cl\/portal\/wp-content\/uploads\/2013\/06\/df5cb5ef66859fc416d1d351416e3f08-80x60.jpg 80w, http:\/\/www.rincondelbulla.cl\/portal\/wp-content\/uploads\/2013\/06\/df5cb5ef66859fc416d1d351416e3f08-265x198.jpg 265w\" sizes=\"auto, (max-width: 403px) 100vw, 403px\" \/><figcaption id=\"caption-attachment-5102\" class=\"wp-caption-text\">La U empat\u00f3 en Coquimbo<\/figcaption><\/figure>\n<p style=\"text-align: justify;\"><strong><span style=\"font-family: 'Arial','sans-serif';\">Universidad de Chile volvi\u00f3 a la cancha. Los azules se enfrentaron a Coquimbo Unido en el estadio Francisco S\u00e1nchez Rumoroso de la cuarta regi\u00f3n y volvieron a dar la alegr\u00eda de ver al le\u00f3n en el c\u00e9sped para todos los fan\u00e1ticos que esperaban con ansias este momento.<\/span><\/strong><\/p>\n<p><strong> <!--more--> <\/strong><\/p>\n<p><span style=\"font-family: 'Arial','sans-serif';\">En \u00e9poca de pre temporada, la Universidad de Chile hizo su estreno del segundo semestre en la nortina ciudad de Coquimbo, frente al cuadro pirata.<\/span><\/p>\n<p style=\"text-align: justify;\"><span style=\"font-family: 'Arial','sans-serif';\">Dar\u00edo Franco comenz\u00f3 con una formaci\u00f3n medianamente alternativa, poniendo en cancha a los mejores que ten\u00eda en el momento, sin embargo y m\u00e1s all\u00e1 de eso es dif\u00edcil dar una opini\u00f3n certera frente a lo que fue el partido debido a la cantidad de cambios y la intensidad con la que se dio.<\/span><\/p>\n<p style=\"text-align: justify;\"><span style=\"font-family: 'Arial','sans-serif';\">En la primera parte estuvieron los goles. A los 19 minutos, \u201cLa Nona\u201d Mu\u00f1oz abri\u00f3 el marcador para los locales con una exquisita definici\u00f3n que hizo est\u00e9ril los esfuerzos del portero Paulo Garc\u00e9s por dejar su arco en cero.<\/span><\/p>\n<p style=\"text-align: justify;\"><span style=\"font-family: 'Arial','sans-serif';\">La U lo empat\u00f3 r\u00e1pidamente. A los 26\u2019 Albert Acevedo (quien ofici\u00f3 de capit\u00e1n) decret\u00f3 el empate parcial tras rozar un remate que iba en direcci\u00f3n al arco. 1-1.<\/span><\/p>\n<p style=\"text-align: justify;\"><span style=\"font-family: 'Arial','sans-serif';\">Pero esto no ser\u00eda el \u00fanico gol de los azules. Charles Ar\u00e1nguiz volvi\u00f3 a demostrar que es el indicado para patear los tiros libres y con un remate espectacular decret\u00f3 el 2-1 para los Leones.<\/span><\/p>\n<p style=\"text-align: justify;\"><span style=\"font-family: 'Arial','sans-serif';\">Sin embargo, minutos m\u00e1s tarde, tras error de Garc\u00e9s, que entreg\u00f3 el bal\u00f3n a un rival, \u00d3scar Salinas marc\u00f3 el 2-2 definitivo. Como an\u00e9cdota, la copa PF en disputa qued\u00f3 en manos de la U.<\/span><\/p>\n<p style=\"text-align: justify;\"><span style=\"font-family: 'Arial','sans-serif';\">Para analizar: el buen partido de Juan Rodrigo Rojas, mostrando lo que puede dar y con una personalidad muy buena para ser su primer partido.<\/span><\/p>\n<p style=\"text-align: justify;\"><span style=\"font-family: 'Arial','sans-serif';\">Otra cosa, si bien es cierto que el paraguayo hizo un buen partido, surge la duda, la gran interrogante, \u00bfbastar\u00e1n los refuerzos tra\u00eddos hasta hoy para afrontar todo lo que se viene en el segundo semestre (Sudamericana, torneo local, copa Chile)? <\/span><\/p>\n<p style=\"text-align: justify;\"><span style=\"font-family: 'Arial','sans-serif';\">Siempre se espera y se quiere lo mejor para la U, sin embargo y m\u00e1s all\u00e1 de este partido, hay muchos que tienen muchas dudas sobre lo que se viene, m\u00e1s a\u00fan tras las grandes dudas que dej\u00f3 Dar\u00edo Franco despu\u00e9s de los primeros seis meses del a\u00f1o.<\/span><\/p>\n","protected":false},"excerpt":{"rendered":"<p>Universidad de Chile volvi\u00f3 a la cancha. Los azules se enfrentaron a Coquimbo Unido en el estadio Francisco S\u00e1nchez Rumoroso de la cuarta regi\u00f3n y volvieron a dar la alegr\u00eda de ver al le\u00f3n en el c\u00e9sped para todos los fan\u00e1ticos que esperaban con ansias este momento.<\/p>\n","protected":false},"author":57,"featured_media":5102,"comment_status":"open","ping_status":"open","sticky":false,"template":"","format":"standard","meta":{"footnotes":""},"categories":[18],"tags":[],"class_list":{"0":"post-3496","1":"post","2":"type-post","3":"status-publish","4":"format-standard","5":"has-post-thumbnail","7":"category-actualidad"},"_links":{"self":[{"href":"http:\/\/www.rincondelbulla.cl\/portal\/wp-json\/wp\/v2\/posts\/3496","targetHints":{"allow":["GET"]}}],"collection":[{"href":"http:\/\/www.rincondelbulla.cl\/portal\/wp-json\/wp\/v2\/posts"}],"about":[{"href":"http:\/\/www.rincondelbulla.cl\/portal\/wp-json\/wp\/v2\/types\/post"}],"author":[{"embeddable":true,"href":"http:\/\/www.rincondelbulla.cl\/portal\/wp-json\/wp\/v2\/users\/57"}],"replies":[{"embeddable":true,"href":"http:\/\/www.rincondelbulla.cl\/portal\/wp-json\/wp\/v2\/comments?post=3496"}],"version-history":[{"count":0,"href":"http:\/\/www.rincondelbulla.cl\/portal\/wp-json\/wp\/v2\/posts\/3496\/revisions"}],"wp:featuredmedia":[{"embeddable":true,"href":"http:\/\/www.rincondelbulla.cl\/portal\/wp-json\/wp\/v2\/media\/5102"}],"wp:attachment":[{"href":"http:\/\/www.rincondelbulla.cl\/portal\/wp-json\/wp\/v2\/media?parent=3496"}],"wp:term":[{"taxonomy":"category","embeddable":true,"href":"http:\/\/www.rincondelbulla.cl\/portal\/wp-json\/wp\/v2\/categories?post=3496"},{"taxonomy":"post_tag","embeddable":true,"href":"http:\/\/www.rincondelbulla.cl\/portal\/wp-json\/wp\/v2\/tags?post=3496"}],"curies":[{"name":"wp","href":"https:\/\/api.w.org\/{rel}","templated":true}]}}