{"id":3497,"date":"2013-06-26T12:26:31","date_gmt":"2013-06-26T12:26:31","guid":{"rendered":"http:\/\/www.rincondelbulla.cl\/portal\/?p=3497"},"modified":"2013-06-26T12:26:31","modified_gmt":"2013-06-26T12:26:31","slug":"hoy-se-definiria-la-situacion-de-rodrigo-tello","status":"publish","type":"post","link":"http:\/\/www.rincondelbulla.cl\/portal\/2013\/06\/26\/hoy-se-definiria-la-situacion-de-rodrigo-tello\/","title":{"rendered":"Hoy se definir\u00eda la situaci\u00f3n de Rodrigo Tello"},"content":{"rendered":"<p><img loading=\"lazy\" decoding=\"async\" class=\" size-full wp-image-5103\" src=\"http:\/\/www.rincondelbulla.cl\/portal\/wp-content\/uploads\/2013\/06\/f49d4c5d7c98d7c3c17b2501b05e14f7.jpg\" alt=\"\" width=\"435\" height=\"300\" srcset=\"http:\/\/www.rincondelbulla.cl\/portal\/wp-content\/uploads\/2013\/06\/f49d4c5d7c98d7c3c17b2501b05e14f7.jpg 435w, http:\/\/www.rincondelbulla.cl\/portal\/wp-content\/uploads\/2013\/06\/f49d4c5d7c98d7c3c17b2501b05e14f7-300x207.jpg 300w, http:\/\/www.rincondelbulla.cl\/portal\/wp-content\/uploads\/2013\/06\/f49d4c5d7c98d7c3c17b2501b05e14f7-100x70.jpg 100w, http:\/\/www.rincondelbulla.cl\/portal\/wp-content\/uploads\/2013\/06\/f49d4c5d7c98d7c3c17b2501b05e14f7-218x150.jpg 218w\" sizes=\"auto, (max-width: 435px) 100vw, 435px\" \/><\/p>\n<p><strong>La desici\u00f3n la tomar\u00e1 la dirigencia de Azul Azul, quienes pretenden tener al ex azul de vuelta, en tanto Franco ya se\u00f1al\u00f3 que no lo tiene considerado.<\/strong> <!--more--> Finalmente hoy saldr\u00eda humo blanco respecto a la situaci\u00f3n del mediocampista Rodrigo Tello, quien la temporada pasada jug\u00f3 en el futbol turco y que ya manifest\u00f3 su deseo de retornar al club azul.<\/p>\n<p>El lunes pasado, Tello se reuni\u00f3n con la dirigencia de Azul Azul, espec\u00edficamente con el gerente del club, Cristian Aubert. En la cita se abordaron varios temas, en los que destac\u00f3 las declaraciones del DT de Universidad de Chile, Dar\u00edo Franco quien no tiene considerado al ex azul. Esta situaci\u00f3 alej\u00f3 las posibilidades de que Tello recalara nuevamente en la tienda universitaria.<\/p>\n<p>Sin embargo y pese a las declaraciones de Franco, quienes tendr\u00e1n la desici\u00f3n final sobre el retorno del mediocampista ser\u00e1 la dirigencia , en partcular la c\u00fapula de Azul Azul. Hoy se re\u00fanen para zanjar definitivamente el futuro de Tello, quie de no ser contratado por la U, analiza volver al futbol turco.<\/p>\n","protected":false},"excerpt":{"rendered":"<p>La desici\u00f3n la tomar\u00e1 la dirigencia de Azul Azul, quienes pretenden tener al ex azul de vuelta, en tanto Franco ya se\u00f1al\u00f3 que no lo tiene considerado.<\/p>\n","protected":false},"author":56,"featured_media":5103,"comment_status":"open","ping_status":"open","sticky":false,"template":"","format":"standard","meta":{"footnotes":""},"categories":[18],"tags":[],"class_list":{"0":"post-3497","1":"post","2":"type-post","3":"status-publish","4":"format-standard","5":"has-post-thumbnail","7":"category-actualidad"},"_links":{"self":[{"href":"http:\/\/www.rincondelbulla.cl\/portal\/wp-json\/wp\/v2\/posts\/3497","targetHints":{"allow":["GET"]}}],"collection":[{"href":"http:\/\/www.rincondelbulla.cl\/portal\/wp-json\/wp\/v2\/posts"}],"about":[{"href":"http:\/\/www.rincondelbulla.cl\/portal\/wp-json\/wp\/v2\/types\/post"}],"author":[{"embeddable":true,"href":"http:\/\/www.rincondelbulla.cl\/portal\/wp-json\/wp\/v2\/users\/56"}],"replies":[{"embeddable":true,"href":"http:\/\/www.rincondelbulla.cl\/portal\/wp-json\/wp\/v2\/comments?post=3497"}],"version-history":[{"count":0,"href":"http:\/\/www.rincondelbulla.cl\/portal\/wp-json\/wp\/v2\/posts\/3497\/revisions"}],"wp:featuredmedia":[{"embeddable":true,"href":"http:\/\/www.rincondelbulla.cl\/portal\/wp-json\/wp\/v2\/media\/5103"}],"wp:attachment":[{"href":"http:\/\/www.rincondelbulla.cl\/portal\/wp-json\/wp\/v2\/media?parent=3497"}],"wp:term":[{"taxonomy":"category","embeddable":true,"href":"http:\/\/www.rincondelbulla.cl\/portal\/wp-json\/wp\/v2\/categories?post=3497"},{"taxonomy":"post_tag","embeddable":true,"href":"http:\/\/www.rincondelbulla.cl\/portal\/wp-json\/wp\/v2\/tags?post=3497"}],"curies":[{"name":"wp","href":"https:\/\/api.w.org\/{rel}","templated":true}]}}