{"id":3499,"date":"2013-07-01T22:54:35","date_gmt":"2013-07-01T22:54:35","guid":{"rendered":"http:\/\/www.rincondelbulla.cl\/portal\/?p=3499"},"modified":"2013-07-01T22:54:35","modified_gmt":"2013-07-01T22:54:35","slug":"el-capian-saco-la-voz-en-favor-de-garces","status":"publish","type":"post","link":"http:\/\/www.rincondelbulla.cl\/portal\/2013\/07\/01\/el-capian-saco-la-voz-en-favor-de-garces\/","title":{"rendered":"El Capit\u00e1n sac\u00f3 la voz en favor de Garc\u00e9s"},"content":{"rendered":"<p><img loading=\"lazy\" decoding=\"async\" class=\" size-full wp-image-5105\" src=\"http:\/\/www.rincondelbulla.cl\/portal\/wp-content\/uploads\/2013\/07\/fce954322fa92f3392ceef82384ee0e7.jpg\" alt=\"\" width=\"700\" height=\"396\" srcset=\"http:\/\/www.rincondelbulla.cl\/portal\/wp-content\/uploads\/2013\/07\/fce954322fa92f3392ceef82384ee0e7.jpg 700w, http:\/\/www.rincondelbulla.cl\/portal\/wp-content\/uploads\/2013\/07\/fce954322fa92f3392ceef82384ee0e7-300x170.jpg 300w, http:\/\/www.rincondelbulla.cl\/portal\/wp-content\/uploads\/2013\/07\/fce954322fa92f3392ceef82384ee0e7-696x394.jpg 696w\" sizes=\"auto, (max-width: 700px) 100vw, 700px\" \/><\/p>\n<p><strong>Jos\u00e9 Rojas coment\u00f3 la actualidad azul y se refiri\u00f3 a la situaci\u00f3n que afecta al actual meta suplunte de la U , \u00abtodos entendemos la postura de Garc\u00e9s\u00bb.<\/strong><\/p>\n<p>En rueda de prensa realizada hoy en el Centro Deportivo Azul (CDA), el Capit\u00e1n de Universidad de Chile, Jos\u00e9 Rojas, analiz\u00f3 la agitada pauta universitaria. Rojas manifest\u00f3 todo su apoyo a la situaci\u00f3n que enfrenta Paulo Garc\u00e9s y su deseo de emigrar para tener continuidad en algun p\u00f3rtico, en ese sentido el Capit\u00e1n se\u00f1al\u00f3 que \u00abtodos entendemos la postura de Paulo (Garc\u00e9s) y se tendr\u00e1 que manejar de la mejor manera para que pueda partir\u00bb.<\/p>\n<p>Rojas tambi\u00e9n se refiri\u00f3 al arribo del ex meta cruzado en relaci\u00f3n a la dif\u00edcil adaptaci\u00f3n y a la negativa del hincha azul por su llegada, \u00abPaulo se adapt\u00f3 a lo que somos y si le toca partir estoy seguro que la U le gan\u00f3 el coraz\u00f3n. Est\u00e1 agradecido por el paso que tuvo por ac\u00e1\u00bb, se\u00f1al\u00f3.<\/p>\n<p><strong>La Continuidad de Herrera<\/strong><\/p>\n<p>Otro punto que analiz\u00f3 el defensa y referente del Le\u00f3n fue la situaci\u00f3n que atraves\u00f3 el golero Johnny Herrera, que tras el juicio por el atropello de la joven Macarena Cassasus, analiz\u00f3 la posibilidad de emigrar del cuadro azul, sin embrago finalmente se decidi\u00f3 por seguir defendiendo los colores de la U, \u00abTodos sabemos lo que significa Johnny para el equipo. Es un gran compa\u00f1ero. Johnny es un l\u00edder y eso cuesta encontrarlo. Estamos muy contento con que se quede\u00bb, se\u00f1al\u00f3 el Capit\u00e1n azul.<\/p>\n<p><strong>El frustrado regreso de Tello<\/strong><\/p>\n<p>En relaci\u00f3n al tema de Rodrigo Tello, Rojas mostr\u00f3 su desiluci\u00f3n por el fallado regreso del volante, quien ya se encuentra en Turqu\u00ed para finiquitar la continuidad en su ex equipo, \u00abEstaba contento con la posibilidad de que Rodrigo regresara, pero \u00e9l continuar\u00e1 en Turqu\u00eda y quiz\u00e1s habr\u00e1 un momento para que pueda volver\u00bb, concluy\u00f3 el Capit\u00e1n.<\/p>\n","protected":false},"excerpt":{"rendered":"<p>Jos\u00e9 Rojas coment\u00f3 la actualidad azul y se refiri\u00f3 a la situaci\u00f3n que afecta al actual meta suplunte de la U , \u00abtodos entendemos la postura de Garc\u00e9s\u00bb. En rueda de prensa realizada hoy en el Centro Deportivo Azul (CDA), el Capit\u00e1n de Universidad de Chile, Jos\u00e9 Rojas, analiz\u00f3 la agitada pauta universitaria. Rojas manifest\u00f3 [&#8230;]<\/p>\n","protected":false},"author":56,"featured_media":5105,"comment_status":"open","ping_status":"open","sticky":false,"template":"","format":"standard","meta":{"footnotes":""},"categories":[18],"tags":[],"class_list":{"0":"post-3499","1":"post","2":"type-post","3":"status-publish","4":"format-standard","5":"has-post-thumbnail","7":"category-actualidad"},"_links":{"self":[{"href":"http:\/\/www.rincondelbulla.cl\/portal\/wp-json\/wp\/v2\/posts\/3499","targetHints":{"allow":["GET"]}}],"collection":[{"href":"http:\/\/www.rincondelbulla.cl\/portal\/wp-json\/wp\/v2\/posts"}],"about":[{"href":"http:\/\/www.rincondelbulla.cl\/portal\/wp-json\/wp\/v2\/types\/post"}],"author":[{"embeddable":true,"href":"http:\/\/www.rincondelbulla.cl\/portal\/wp-json\/wp\/v2\/users\/56"}],"replies":[{"embeddable":true,"href":"http:\/\/www.rincondelbulla.cl\/portal\/wp-json\/wp\/v2\/comments?post=3499"}],"version-history":[{"count":0,"href":"http:\/\/www.rincondelbulla.cl\/portal\/wp-json\/wp\/v2\/posts\/3499\/revisions"}],"wp:featuredmedia":[{"embeddable":true,"href":"http:\/\/www.rincondelbulla.cl\/portal\/wp-json\/wp\/v2\/media\/5105"}],"wp:attachment":[{"href":"http:\/\/www.rincondelbulla.cl\/portal\/wp-json\/wp\/v2\/media?parent=3499"}],"wp:term":[{"taxonomy":"category","embeddable":true,"href":"http:\/\/www.rincondelbulla.cl\/portal\/wp-json\/wp\/v2\/categories?post=3499"},{"taxonomy":"post_tag","embeddable":true,"href":"http:\/\/www.rincondelbulla.cl\/portal\/wp-json\/wp\/v2\/tags?post=3499"}],"curies":[{"name":"wp","href":"https:\/\/api.w.org\/{rel}","templated":true}]}}