{"id":3501,"date":"2013-07-04T21:42:08","date_gmt":"2013-07-04T21:42:08","guid":{"rendered":"http:\/\/www.rincondelbulla.cl\/portal\/?p=3501"},"modified":"2013-07-04T21:42:08","modified_gmt":"2013-07-04T21:42:08","slug":"la-previa-la-u-juega-su-partido-3000-y-va-por-un-triunfo","status":"publish","type":"post","link":"http:\/\/www.rincondelbulla.cl\/portal\/2013\/07\/04\/la-previa-la-u-juega-su-partido-3000-y-va-por-un-triunfo\/","title":{"rendered":"La Previa: La U juega su partido 3000 y va por un triunfo"},"content":{"rendered":"<p><img loading=\"lazy\" decoding=\"async\" class=\" size-full wp-image-5107\" src=\"http:\/\/www.rincondelbulla.cl\/portal\/wp-content\/uploads\/2013\/07\/eaf870fbeb5d68b0211c909da19aa5f8.jpg\" alt=\"\" width=\"660\" height=\"350\" srcset=\"http:\/\/www.rincondelbulla.cl\/portal\/wp-content\/uploads\/2013\/07\/eaf870fbeb5d68b0211c909da19aa5f8.jpg 660w, http:\/\/www.rincondelbulla.cl\/portal\/wp-content\/uploads\/2013\/07\/eaf870fbeb5d68b0211c909da19aa5f8-300x159.jpg 300w\" sizes=\"auto, (max-width: 660px) 100vw, 660px\" \/><\/p>\n<p><strong>La \u201cU\u201d vuelve a las competiciones oficiales jugando ante Deportes Concepci\u00f3n en el sur por Copa Chile, torneo en el que defender\u00e1 la corona de campe\u00f3n.<\/strong> <!--more--> <strong>Por Enrique Moreno | @EnriqueMorenoS<\/strong><br \/>Tras m\u00e1s de dos meses sin competiciones oficiales y con s\u00f3lo dos partidos amistosos como preparaci\u00f3n, la \u201cU\u201d vuelve a jugar por los puntos ante Deportes Concepci\u00f3n, equipo al que enfrentar\u00e1 por la primera fecha del grupo 1 de Copa Chile, torneo en que los azules defender\u00e1n el t\u00edtulo de campe\u00f3n.<\/p>\n<p>En el cuadro laico a\u00fan no est\u00e1 definida la formaci\u00f3n, pero ya se sabe que estar\u00e1n ausentes Garc\u00e9s (qui\u00e9n a\u00fan no define su futuro), Jos\u00e9 Rojas, Enzo Guti\u00e9rrez, Luciano Civelli y Sebasti\u00e1n Ubilla, ya que no viajaron a la octava regi\u00f3n. En tanto, el refuerzo Juan Ignacio Sills viaj\u00f3, pero no ser\u00eda considerado para este partido. El plantel se quedar\u00e1 en la zona, pues el domingo debe medirse ante \u00d1ublense en Chill\u00e1n por la segunda fecha del grupo.<\/p>\n<p>En la vereda del frente, el \u201cLe\u00f3n de Collao\u201d viene de una irregular campa\u00f1a, donde s\u00f3lo obtuvo el cuarto lugar de la zona sur de Primera B, lo que le impidi\u00f3 acceder a la semifinal por el ascenso. <\/p>\n<p>La \u00faltima vez que se chocaron azules y lilas fue por la definici\u00f3n del \u00faltimo cupo para la Copa Sudamericana 2011, torneo que al que la \u201cU\u201d terminar\u00eda clasificando y ganando.<\/p>\n<p>Aquel a\u00f1o se enfrentaron en partidos de ida y vuelta, empatando 2-2 el 27 de julio en el sur con goles de Gabriel Vargas y Francisco Castro, mientras que una semana m\u00e1s tarde en el Nacional la victoria fue por 2-0, nuevamente con gol de Gabriel Vargas y otro de Diego Rivarola.<\/p>\n<p>En tanto, la \u00faltima vez que jugaron por Copa Chile fue el 12 de marzo del 2000 en Collao, con victoria de la \u201cU\u201d por 2-0 con goles de Diego Rivarola y Sebasti\u00e1n Pardo, en un torneo que a la larga el conjunto laico tambi\u00e9n terminar\u00eda ganando.<\/p>\n<p>En cuanto al historial, considerando todas las competiciones oficiales, se han enfrentado en 77 oportunidades, con 38 triunfos azules, 19 empates y 20 triunfos lilas, obteniendo un rendimiento de 62% a favor de la \u201cU\u201d.<\/p>\n<p>&nbsp;<\/p>\n<p>El partido se jugar\u00e1 desde las 19:30 horas en el Estadio Ester Roa Rebolledo y ser\u00e1 dirigido por Carlos Ulloa. Transmite en vivo CDF Premium, como tambi\u00e9n podr\u00e1s seguir el minuto a minuto a trav\u00e9s del fan page de Rinc\u00f3n del Bulla.<span id=\"_mce_caret\" data-mce-bogus=\"1\"><strong data-mce-bogus=\"1\"><\/strong><\/span><\/p>\n","protected":false},"excerpt":{"rendered":"<p>La \u201cU\u201d vuelve a las competiciones oficiales jugando ante Deportes Concepci\u00f3n en el sur por Copa Chile, torneo en el que defender\u00e1 la corona de campe\u00f3n.<\/p>\n","protected":false},"author":56,"featured_media":5107,"comment_status":"open","ping_status":"open","sticky":false,"template":"","format":"standard","meta":{"footnotes":""},"categories":[18],"tags":[],"class_list":{"0":"post-3501","1":"post","2":"type-post","3":"status-publish","4":"format-standard","5":"has-post-thumbnail","7":"category-actualidad"},"_links":{"self":[{"href":"http:\/\/www.rincondelbulla.cl\/portal\/wp-json\/wp\/v2\/posts\/3501","targetHints":{"allow":["GET"]}}],"collection":[{"href":"http:\/\/www.rincondelbulla.cl\/portal\/wp-json\/wp\/v2\/posts"}],"about":[{"href":"http:\/\/www.rincondelbulla.cl\/portal\/wp-json\/wp\/v2\/types\/post"}],"author":[{"embeddable":true,"href":"http:\/\/www.rincondelbulla.cl\/portal\/wp-json\/wp\/v2\/users\/56"}],"replies":[{"embeddable":true,"href":"http:\/\/www.rincondelbulla.cl\/portal\/wp-json\/wp\/v2\/comments?post=3501"}],"version-history":[{"count":0,"href":"http:\/\/www.rincondelbulla.cl\/portal\/wp-json\/wp\/v2\/posts\/3501\/revisions"}],"wp:featuredmedia":[{"embeddable":true,"href":"http:\/\/www.rincondelbulla.cl\/portal\/wp-json\/wp\/v2\/media\/5107"}],"wp:attachment":[{"href":"http:\/\/www.rincondelbulla.cl\/portal\/wp-json\/wp\/v2\/media?parent=3501"}],"wp:term":[{"taxonomy":"category","embeddable":true,"href":"http:\/\/www.rincondelbulla.cl\/portal\/wp-json\/wp\/v2\/categories?post=3501"},{"taxonomy":"post_tag","embeddable":true,"href":"http:\/\/www.rincondelbulla.cl\/portal\/wp-json\/wp\/v2\/tags?post=3501"}],"curies":[{"name":"wp","href":"https:\/\/api.w.org\/{rel}","templated":true}]}}