{"id":3502,"date":"2013-07-05T01:36:32","date_gmt":"2013-07-05T01:36:32","guid":{"rendered":"http:\/\/www.rincondelbulla.cl\/portal\/?p=3502"},"modified":"2013-07-05T01:36:32","modified_gmt":"2013-07-05T01:36:32","slug":"la-u-arranco-la-copa-chile-con-el-pie-izquierdo","status":"publish","type":"post","link":"http:\/\/www.rincondelbulla.cl\/portal\/2013\/07\/05\/la-u-arranco-la-copa-chile-con-el-pie-izquierdo\/","title":{"rendered":"La U arranc\u00f3 la Copa Chile con el pie izquierdo"},"content":{"rendered":"<figure id=\"attachment_5108\" aria-describedby=\"caption-attachment-5108\" style=\"width: 619px\" class=\"wp-caption alignnone\"><img loading=\"lazy\" decoding=\"async\" class=\" size-full wp-image-5108\" src=\"http:\/\/www.rincondelbulla.cl\/portal\/wp-content\/uploads\/2013\/07\/d4f3ad9330f2ce6a54144952a16e9393.jpg\" alt=\"Foto: Agencia UNO\" class=\"caption\" title=\"La U tuvo un mal debut\" width=\"619\" height=\"464\" srcset=\"http:\/\/www.rincondelbulla.cl\/portal\/wp-content\/uploads\/2013\/07\/d4f3ad9330f2ce6a54144952a16e9393.jpg 619w, http:\/\/www.rincondelbulla.cl\/portal\/wp-content\/uploads\/2013\/07\/d4f3ad9330f2ce6a54144952a16e9393-300x225.jpg 300w, http:\/\/www.rincondelbulla.cl\/portal\/wp-content\/uploads\/2013\/07\/d4f3ad9330f2ce6a54144952a16e9393-80x60.jpg 80w, http:\/\/www.rincondelbulla.cl\/portal\/wp-content\/uploads\/2013\/07\/d4f3ad9330f2ce6a54144952a16e9393-265x198.jpg 265w, http:\/\/www.rincondelbulla.cl\/portal\/wp-content\/uploads\/2013\/07\/d4f3ad9330f2ce6a54144952a16e9393-560x420.jpg 560w\" sizes=\"auto, (max-width: 619px) 100vw, 619px\" \/><figcaption id=\"caption-attachment-5108\" class=\"wp-caption-text\">La U tuvo un mal debut<\/figcaption><\/figure>\n<p style=\"text-align: justify;\"><strong><span style=\"font-family: 'Arial','sans-serif';\">Universidad de Chile, de la mano de Dar\u00edo Franco, sigue dejando dudas. Si no hab\u00eda podido obtener un triunfo en los dos duelos amistosos anteriores (Coquimbo y Deportes Temuco) hoy no fue distinto frente a Deportes Concepci\u00f3n en el debut del equipo en la Copa Chile. <i><\/i><\/span><\/strong><\/p>\n<p style=\"text-align: justify;\"><strong><span style=\"font-family: 'Arial','sans-serif';\"> <!--more--> <\/span><\/strong><\/p>\n<p style=\"text-align: justify;\"><span style=\"font-family: 'Arial','sans-serif';\">La U sal\u00eda a la cancha del Ester Roa Rebolledo de Concepci\u00f3n con la ilusi\u00f3n de comenzar con un triunfo el nuevo periplo por Copa Chile. Los azules, actuales campeones, buscaban comenzar la senda de la revalidaci\u00f3n del t\u00edtulo con un triunfo frente a un rival, en el papel, de menor jerarqu\u00eda. Sin embargo esto no sucedi\u00f3 y el equipo de Franco sigue dejando m\u00e1s dudas que certezas en los fan\u00e1ticos del Le\u00f3n.<\/span><\/p>\n<p style=\"text-align: justify;\"><span style=\"font-family: 'Arial','sans-serif';\">Si bien es cierto el t\u00e9cnico apost\u00f3 a un cuadro, medianamente, alternativo, no es excusa para entregar tres puntos que a fin de campeonato pueden ser vitales para poder conseguir el bicampeonato.<\/span><\/p>\n<p style=\"text-align: justify;\"><span style=\"font-family: 'Arial','sans-serif';\">La falta de Charles Ar\u00e1nguiz, de Jos\u00e9 Rojas se hacen notar y la poca experiencia de algunos jugadores tambi\u00e9n, ojo, no por juventud sino por ser refuerzos que, pr\u00e1cticamente, vienen bajando del avi\u00f3n y a la cancha (s\u00f3lo Mauricio Victorino a podido hacer eso y hacerlo bien).<\/span><\/p>\n<p style=\"text-align: justify;\"><span style=\"font-family: 'Arial','sans-serif';\">Por eso, a pesar de tener el dominio del bal\u00f3n en la primera parte, no fue extra\u00f1o cuando los lilas (que vistieron de blanco) terminaban el primer tiempo ganando por 2 goles a 0 con anotaciones de Salom y Aquino.<\/span><\/p>\n<p style=\"text-align: justify;\"><span style=\"font-family: 'Arial','sans-serif';\">La segunda mitad no fue diferente. El verdadero y \u00fanico Le\u00f3n segu\u00eda controlando el bal\u00f3n pero sin claridad en ataque y sin mayor profundidad, ni peligro. Solamente en los descuentos se ver\u00eda algo agradable. Penal sobre Isaac D\u00edaz, que el mismo \u201cToro\u201d se encarg\u00f3 de ejecutar y el descuento para hacer la derrota algo m\u00e1s decorosa. Bal\u00f3n en la red y el \u00e1rbitro que pita el fin del duelo. 2-1 para los locales.<\/span><\/p>\n<p style=\"text-align: justify;\"><span style=\"font-family: 'Arial','sans-serif';\">Mensaje para Dar\u00edo Franco: la Copa Chile, de cierta manera, salv\u00f3 el semestre pasado, ojo no por ser exitista, ni vivir de t\u00edtulos como en otra vereda, sino porque, al parecer la vara le est\u00e1 quedando demasiado alta a un t\u00e9cnico resistido que no est\u00e1 aprendiendo las lecciones.<\/span><\/p>\n","protected":false},"excerpt":{"rendered":"<p>Universidad de Chile, de la mano de Dar\u00edo Franco, sigue dejando dudas. Si no hab\u00eda podido obtener un triunfo en los dos duelos amistosos anteriores (Coquimbo y Deportes Temuco) hoy no fue distinto frente a Deportes Concepci\u00f3n en el debut del equipo en la Copa Chile.<\/p>\n","protected":false},"author":57,"featured_media":5108,"comment_status":"open","ping_status":"open","sticky":false,"template":"","format":"standard","meta":{"footnotes":""},"categories":[18],"tags":[],"class_list":{"0":"post-3502","1":"post","2":"type-post","3":"status-publish","4":"format-standard","5":"has-post-thumbnail","7":"category-actualidad"},"_links":{"self":[{"href":"http:\/\/www.rincondelbulla.cl\/portal\/wp-json\/wp\/v2\/posts\/3502","targetHints":{"allow":["GET"]}}],"collection":[{"href":"http:\/\/www.rincondelbulla.cl\/portal\/wp-json\/wp\/v2\/posts"}],"about":[{"href":"http:\/\/www.rincondelbulla.cl\/portal\/wp-json\/wp\/v2\/types\/post"}],"author":[{"embeddable":true,"href":"http:\/\/www.rincondelbulla.cl\/portal\/wp-json\/wp\/v2\/users\/57"}],"replies":[{"embeddable":true,"href":"http:\/\/www.rincondelbulla.cl\/portal\/wp-json\/wp\/v2\/comments?post=3502"}],"version-history":[{"count":0,"href":"http:\/\/www.rincondelbulla.cl\/portal\/wp-json\/wp\/v2\/posts\/3502\/revisions"}],"wp:featuredmedia":[{"embeddable":true,"href":"http:\/\/www.rincondelbulla.cl\/portal\/wp-json\/wp\/v2\/media\/5108"}],"wp:attachment":[{"href":"http:\/\/www.rincondelbulla.cl\/portal\/wp-json\/wp\/v2\/media?parent=3502"}],"wp:term":[{"taxonomy":"category","embeddable":true,"href":"http:\/\/www.rincondelbulla.cl\/portal\/wp-json\/wp\/v2\/categories?post=3502"},{"taxonomy":"post_tag","embeddable":true,"href":"http:\/\/www.rincondelbulla.cl\/portal\/wp-json\/wp\/v2\/tags?post=3502"}],"curies":[{"name":"wp","href":"https:\/\/api.w.org\/{rel}","templated":true}]}}