{"id":3506,"date":"2013-07-09T01:04:28","date_gmt":"2013-07-09T01:04:28","guid":{"rendered":"http:\/\/www.rincondelbulla.cl\/portal\/?p=3506"},"modified":"2013-07-09T01:04:28","modified_gmt":"2013-07-09T01:04:28","slug":"universidad-de-chile-ya-tiene-fecha-y-hora-para-su-debut-en-la-copa-sudamericana","status":"publish","type":"post","link":"http:\/\/www.rincondelbulla.cl\/portal\/2013\/07\/09\/universidad-de-chile-ya-tiene-fecha-y-hora-para-su-debut-en-la-copa-sudamericana\/","title":{"rendered":"Universidad de Chile ya tiene fecha y hora para su debut en la Copa Sudamericana"},"content":{"rendered":"<p><img loading=\"lazy\" decoding=\"async\" class=\" size-full wp-image-5112\" src=\"http:\/\/www.rincondelbulla.cl\/portal\/wp-content\/uploads\/2013\/07\/00908ae81f682520916a87e6d06e7322.jpg\" alt=\"\" width=\"700\" height=\"385\" srcset=\"http:\/\/www.rincondelbulla.cl\/portal\/wp-content\/uploads\/2013\/07\/00908ae81f682520916a87e6d06e7322.jpg 700w, http:\/\/www.rincondelbulla.cl\/portal\/wp-content\/uploads\/2013\/07\/00908ae81f682520916a87e6d06e7322-300x165.jpg 300w, http:\/\/www.rincondelbulla.cl\/portal\/wp-content\/uploads\/2013\/07\/00908ae81f682520916a87e6d06e7322-696x383.jpg 696w\" sizes=\"auto, (max-width: 700px) 100vw, 700px\" \/><\/p>\n<p><strong>La U y todos los equipos chilenos que participan del certamen continental ya conoce sus rivales y hoy se dieron a conocer las fechas y horarios para el debut de cada uno.<\/strong><\/p>\n<p>En una jornada marcada por el despido de Dar\u00edo Franco de la banca azul (dirigir\u00e1 su \u00faltimo partido este mi\u00e9rcoles ante Uni\u00f3n Espa\u00f1ola), Universidad de Chile supo de sus horarios para el debut en la versi\u00f3n 2013 de la Copa Sudamericana.<\/p>\n<p>De esta forma la U ser\u00e1 quien primero defender\u00e1 a Chile en le certamen ante el equipo boliviano del Real Potos\u00ed el pr\u00f3ximo 30 de julio a las 19:30 hrs. en el Estadio August\u00edn Ugarte, en tanto el partido de vuelta qued\u00f3 fijado para el d\u00eda martes 6 de agosto a las 19:15 hrs. en el Estadio Nacional.<\/p>\n<p>Cabe recordar que Universidad de Chile se gan\u00f3 el derecho de participar de este torneo al coronarse como el flamante monarca de la Copa Chile 2012-2013.<\/p>\n<p>S\u00f3lo falta saber qui\u00e9n estar\u00e1 al mando del banco azul para tales fechas, en donde el Le\u00f3n, al igual que el a\u00f1o 2011 va por la gloria continental.<\/p>\n<p><strong>Los horarios para los otros equipos nacionales son los siguientes:<\/strong><\/p>\n<p><strong>Partidos de ida:<\/strong><br \/>El Tanque Sisley vs. Colo Colo, 31-07-2013. 19:30 hrs. (Estadio por definir)<br \/>Universidad Cat\u00f3lica vs. Cerro Porte\u00f1o, 31-07-2013. 21:50 hrs. San Carlos de Apoquindo<br \/>Cobreloa vs. Pe\u00f1arol, 01-08-2013. 19:30 hrs. (Estadio por definir)<\/p>\n<p><strong>Partidos de vuelta:<\/strong><br \/>Cerro Porte\u00f1o vs. Universidad Cat\u00f3lica, 07-08-2013. 19:15 hrs. Estadio General Pablo Roja<br \/>Colo Colo vs. El Tanque Sisley, 07-08-2013. 21:45 hrs. Estadio Monumental<br \/>Pe\u00f1arol vs. Cobreloa, 08-08-2013. 19:15 hrs. Estadio Centenario de Montevideo<\/p>\n","protected":false},"excerpt":{"rendered":"<p>La U y todos los equipos chilenos que participan del certamen continental ya conoce sus rivales y hoy se dieron a conocer las fechas y horarios para el debut de cada uno. En una jornada marcada por el despido de Dar\u00edo Franco de la banca azul (dirigir\u00e1 su \u00faltimo partido este mi\u00e9rcoles ante Uni\u00f3n Espa\u00f1ola), [&#8230;]<\/p>\n","protected":false},"author":56,"featured_media":5112,"comment_status":"open","ping_status":"open","sticky":false,"template":"","format":"standard","meta":{"footnotes":""},"categories":[18],"tags":[],"class_list":{"0":"post-3506","1":"post","2":"type-post","3":"status-publish","4":"format-standard","5":"has-post-thumbnail","7":"category-actualidad"},"_links":{"self":[{"href":"http:\/\/www.rincondelbulla.cl\/portal\/wp-json\/wp\/v2\/posts\/3506","targetHints":{"allow":["GET"]}}],"collection":[{"href":"http:\/\/www.rincondelbulla.cl\/portal\/wp-json\/wp\/v2\/posts"}],"about":[{"href":"http:\/\/www.rincondelbulla.cl\/portal\/wp-json\/wp\/v2\/types\/post"}],"author":[{"embeddable":true,"href":"http:\/\/www.rincondelbulla.cl\/portal\/wp-json\/wp\/v2\/users\/56"}],"replies":[{"embeddable":true,"href":"http:\/\/www.rincondelbulla.cl\/portal\/wp-json\/wp\/v2\/comments?post=3506"}],"version-history":[{"count":0,"href":"http:\/\/www.rincondelbulla.cl\/portal\/wp-json\/wp\/v2\/posts\/3506\/revisions"}],"wp:featuredmedia":[{"embeddable":true,"href":"http:\/\/www.rincondelbulla.cl\/portal\/wp-json\/wp\/v2\/media\/5112"}],"wp:attachment":[{"href":"http:\/\/www.rincondelbulla.cl\/portal\/wp-json\/wp\/v2\/media?parent=3506"}],"wp:term":[{"taxonomy":"category","embeddable":true,"href":"http:\/\/www.rincondelbulla.cl\/portal\/wp-json\/wp\/v2\/categories?post=3506"},{"taxonomy":"post_tag","embeddable":true,"href":"http:\/\/www.rincondelbulla.cl\/portal\/wp-json\/wp\/v2\/tags?post=3506"}],"curies":[{"name":"wp","href":"https:\/\/api.w.org\/{rel}","templated":true}]}}