{"id":3507,"date":"2013-07-10T12:11:36","date_gmt":"2013-07-10T12:11:36","guid":{"rendered":"http:\/\/www.rincondelbulla.cl\/portal\/?p=3507"},"modified":"2013-07-10T12:11:36","modified_gmt":"2013-07-10T12:11:36","slug":"la-previa-una-u-danada-va-por-la-supercopa","status":"publish","type":"post","link":"http:\/\/www.rincondelbulla.cl\/portal\/2013\/07\/10\/la-previa-una-u-danada-va-por-la-supercopa\/","title":{"rendered":"La Previa: Una \u201cU\u201d da\u00f1ada va por la Supercopa"},"content":{"rendered":"<p><img loading=\"lazy\" decoding=\"async\" class=\" size-full wp-image-5113\" src=\"http:\/\/www.rincondelbulla.cl\/portal\/wp-content\/uploads\/2013\/07\/8c4a4c31fcab370d9a46cb48b3a54fff.jpg\" alt=\"\" width=\"700\" height=\"396\" srcset=\"http:\/\/www.rincondelbulla.cl\/portal\/wp-content\/uploads\/2013\/07\/8c4a4c31fcab370d9a46cb48b3a54fff.jpg 700w, http:\/\/www.rincondelbulla.cl\/portal\/wp-content\/uploads\/2013\/07\/8c4a4c31fcab370d9a46cb48b3a54fff-300x170.jpg 300w, http:\/\/www.rincondelbulla.cl\/portal\/wp-content\/uploads\/2013\/07\/8c4a4c31fcab370d9a46cb48b3a54fff-696x394.jpg 696w\" sizes=\"auto, (max-width: 700px) 100vw, 700px\" \/><\/p>\n<p><strong>Tras dos derrotas consecutivas por Copa Chile que terminar\u00edan con la partida de Dar\u00edo Franco, la \u201cU\u201d jugar\u00e1 la Supercopa ante Uni\u00f3n Espa\u00f1ola en el norte del pa\u00eds. <!--more--> <\/strong><strong>Por Enrique Moreno | @EnriqueMorenoS<\/strong><br \/>Dos derrotas consecutivas ante rivales accesibles en el papel, como Deportes Concepci\u00f3n y \u00d1ublense, son las que tienen a la \u201cU\u201d sumida en una crisis futbol\u00edstica y que habr\u00edan impulsado a la dirigencia a prescindir de Dar\u00edo Franco. En medio de todo esto, los azules debieron viajar hasta Antofagasta para disputar la in\u00e9dita Supercopa ante Uni\u00f3n Espa\u00f1ola.<\/p>\n<p>Recordamos que la Supercopa fue ideada en reuni\u00f3n de presidentes de clubes en que se defini\u00f3 la modalidad de los nuevos torneos del f\u00fatbol nacional para la temporada 2013\/2014. As\u00ed, en este nuevo trofeo se enfrentan el campe\u00f3n del torneo local y el de la Copa Chile.<\/p>\n<p>La m\u00e1s posible formaci\u00f3n del a\u00fan club de Franco (viaj\u00f3 con el plantel), como sorpresa cuenta con la vuelta de Charles Ar\u00e1nguiz, quien ya se recuper\u00f3 de su lesi\u00f3n. De esta manera, los azules formar\u00edan con <strong>Herrera; Cerezo, Gonz\u00e1lez, Sills, Cereceda; Ar\u00e1nguiz (Videla), Bryan Cort\u00e9s, Lorenzetti; Duma, Isaac D\u00edaz y Gallegos.<\/strong><\/p>\n<p>En tanto, en el cuadro dirigido por Jos\u00e9 Luis Sierra, el posible once inicial ser\u00eda con S\u00e1nchez, Currimilla, Ampuero, Navarrete, Miranda; Villagra, Scotti, Abelairas; Jaime, Canales y Castro.<\/p>\n<p>La \u00faltima vez que la \u201cU\u201d se enfrent\u00f3 a Uni\u00f3n Espa\u00f1ola fue el 17 de abril por las semifinales de la Copa Chile. En el Nacional igualaron en cero y desde lanzamientos penales fueron los azules quienes se impusieron.<\/p>\n<p>En tanto, la \u00faltima vez que ambos se enfrentaron en regiones, fue el 17 de febrero del 2008, ocasi\u00f3n en que la \u201cU\u201d debi\u00f3 oficiar de local en el Estadio&nbsp;Chiledeportes de Valpara\u00edso debido a reparaciones en el coloso \u00f1u\u00f1o\u00edno. Aquella vez el triunfo azul fue por 2-0 con goles de Rafael Olarra y Manuel Villalobos.<\/p>\n<p>El historial muestra una clara supremac\u00eda del cuadro laico, ya que de 214 partidos jugados con los hispanos, se impuso en 101, empat\u00f3 51 y perdi\u00f3 en 62, con un rendimiento de 59% a favor.<\/p>\n<p>Las entradas para este partido est\u00e1n a la venta en boleter\u00edas del estadio entre 10 y 17:30 horas, como tambi\u00e9n se pueden comprar online a trav\u00e9s de la p\u00e1gina ticketpro.cl y en tiendas Hites de la ciudad nortina.<\/p>\n<p>El partido se jugar\u00e1 desde las 20 horas en el Estadio Calvo y Bascu\u00f1\u00e1n de Antofagasta y lo dirigir\u00e1 Enrique Osses. Ser\u00e1 transmitido en vivo por CDF Premium y <strong>tambi\u00e9n podr\u00e1s seguir el minuto a minuto a trav\u00e9s del fan page de Rinc\u00f3n del Bulla.<\/strong><\/p>\n","protected":false},"excerpt":{"rendered":"<p>Tras dos derrotas consecutivas por Copa Chile que terminar\u00edan con la partida de Dar\u00edo Franco, la \u201cU\u201d jugar\u00e1 la Supercopa ante Uni\u00f3n Espa\u00f1ola en el norte del pa\u00eds.<\/p>\n","protected":false},"author":56,"featured_media":5113,"comment_status":"open","ping_status":"open","sticky":false,"template":"","format":"standard","meta":{"footnotes":""},"categories":[18],"tags":[],"class_list":{"0":"post-3507","1":"post","2":"type-post","3":"status-publish","4":"format-standard","5":"has-post-thumbnail","7":"category-actualidad"},"_links":{"self":[{"href":"http:\/\/www.rincondelbulla.cl\/portal\/wp-json\/wp\/v2\/posts\/3507","targetHints":{"allow":["GET"]}}],"collection":[{"href":"http:\/\/www.rincondelbulla.cl\/portal\/wp-json\/wp\/v2\/posts"}],"about":[{"href":"http:\/\/www.rincondelbulla.cl\/portal\/wp-json\/wp\/v2\/types\/post"}],"author":[{"embeddable":true,"href":"http:\/\/www.rincondelbulla.cl\/portal\/wp-json\/wp\/v2\/users\/56"}],"replies":[{"embeddable":true,"href":"http:\/\/www.rincondelbulla.cl\/portal\/wp-json\/wp\/v2\/comments?post=3507"}],"version-history":[{"count":0,"href":"http:\/\/www.rincondelbulla.cl\/portal\/wp-json\/wp\/v2\/posts\/3507\/revisions"}],"wp:featuredmedia":[{"embeddable":true,"href":"http:\/\/www.rincondelbulla.cl\/portal\/wp-json\/wp\/v2\/media\/5113"}],"wp:attachment":[{"href":"http:\/\/www.rincondelbulla.cl\/portal\/wp-json\/wp\/v2\/media?parent=3507"}],"wp:term":[{"taxonomy":"category","embeddable":true,"href":"http:\/\/www.rincondelbulla.cl\/portal\/wp-json\/wp\/v2\/categories?post=3507"},{"taxonomy":"post_tag","embeddable":true,"href":"http:\/\/www.rincondelbulla.cl\/portal\/wp-json\/wp\/v2\/tags?post=3507"}],"curies":[{"name":"wp","href":"https:\/\/api.w.org\/{rel}","templated":true}]}}