{"id":3508,"date":"2013-07-13T02:20:46","date_gmt":"2013-07-13T02:20:46","guid":{"rendered":"http:\/\/www.rincondelbulla.cl\/portal\/?p=3508"},"modified":"2013-07-13T02:20:46","modified_gmt":"2013-07-13T02:20:46","slug":"el-fantasma-da-inicio-a-su-etapa-en-la-u","status":"publish","type":"post","link":"http:\/\/www.rincondelbulla.cl\/portal\/2013\/07\/13\/el-fantasma-da-inicio-a-su-etapa-en-la-u\/","title":{"rendered":"El \u00abFantasma\u00bb da inicio a su etapa en la U"},"content":{"rendered":"<p><img loading=\"lazy\" decoding=\"async\" class=\" size-full wp-image-5114\" src=\"http:\/\/www.rincondelbulla.cl\/portal\/wp-content\/uploads\/2013\/07\/dd5427ce864bb9a692d80d44f7df803c.jpg\" alt=\"\" width=\"700\" height=\"396\" srcset=\"http:\/\/www.rincondelbulla.cl\/portal\/wp-content\/uploads\/2013\/07\/dd5427ce864bb9a692d80d44f7df803c.jpg 700w, http:\/\/www.rincondelbulla.cl\/portal\/wp-content\/uploads\/2013\/07\/dd5427ce864bb9a692d80d44f7df803c-300x170.jpg 300w, http:\/\/www.rincondelbulla.cl\/portal\/wp-content\/uploads\/2013\/07\/dd5427ce864bb9a692d80d44f7df803c-696x394.jpg 696w\" sizes=\"auto, (max-width: 700px) 100vw, 700px\" \/><\/p>\n<p><strong>Hoy comenz\u00f3 el proceso de Marco Antonio Figueroa en la banca azul, en su bullado arribo el \u00abFantasma\u00bb prometi\u00f3 agresividad en el juego azul y un esquema y estilo similar al de la era Sampaoli.<\/strong> <!--more--> Con la indumentaria oficial de Universidad de Chile ingres\u00f3 Marco Antonio Figueroa a la sala de prensa del Complejo Deportivo Azul. Acompa\u00f1ado de Jos\u00e9 Yuraszeck, el nuevo t\u00e9cnico de la &#8216;U&#8217;, sucesor del destituido Dar\u00edo Franco, dej\u00f3 establecido, entre otras cosas, que quiere recuperar la m\u00edstica de los azules.<\/p>\n<p><strong>\u00abSoy un fan\u00e1tico del f\u00fatbol que hizo Universidad de Chile con Sampaoli y vamos a tratar de hacer algo parecido. Trataremos de recuperar la m\u00edstica de la &#8216;U&#8217; y desde ya el equipo vuelve a jugar con l\u00ednea de tres\u00bb<\/strong>, se\u00f1al\u00f3 Figueroa, que reconoci\u00f3 que no ha podido parar de sonreir desde que firm\u00f3 el contrato.<\/p>\n<p><strong>\u00abTodos los t\u00e9cnicos tenemos distintas formas de jugar. Quiero ser muy respetuoso con los procesos anteriores y si digo que me gusta que el equipo sea din\u00e1mico, no es una comparaci\u00f3n con el t\u00e9cnico anterior\u00bb<\/strong>, agreg\u00f3 el &#8216;Fantasma&#8217;, que evit\u00f3 referirse a su pol\u00e9mica salida de Cobreloa.<\/p>\n<p>Justamente con respecto a sus cortos periodos en los equipos, Figueroa reconoci\u00f3 que<strong> \u00abmi idea es hacer un trabajo largo, tener estabilidad es importante para mi como profesional y para mi familia, para mis hijos\u00bb<\/strong>, dejando en claro que su idea es quedarse mucho tiempo en los azules.<\/p>\n<p><strong>\u00abA HERRERA LO DEFENDER\u00c9\u00bb<\/strong><\/p>\n<p>La tranquilidad de Figueroa se mantuvo incluso ante las preguntas sobre sus encontrones con jugadores, directivos e hinchas, y ante la pregunta si se considera un t\u00e9cnico pol\u00e9mico, se limit\u00f3 a decir, \u00ab\u00bfqui\u00e9n lo dice?\u00bb.<\/p>\n<p>Tambi\u00e9n se refiri\u00f3 a las palabras de Johnny Herrera, que record\u00f3 que una vez el propio Figueroa los llam\u00f3 \u00abni\u00f1itas\u00bb, despu\u00e9s de un partido con San Felipe: <strong>\u00abCuando tenga que defender a Johnny lo har\u00e9 como lo he hecho con todos los jugadores que he tenido. Lo que pas\u00f3 antes qued\u00f3 en el pasado\u00bb<\/strong>, apunt\u00f3 el estratega, que adem\u00e1s, descart\u00f3 que Azul Azul lo contactara antes de la destituci\u00f3n de Dar\u00edo Franco.<\/p>\n<p><strong>\u00abSabemos en qu\u00e9 fecha me llamaron y no pas\u00f3 nada raro\u00bb<\/strong>, coment\u00f3 el &#8216;Fantasma&#8217;, que anunci\u00f3 que sentar\u00e1 en la banca este domingo ante Deportes Temuco, su primer partido oficial, marcando el retorno de un DT chileno a la banca de la &#8216;U&#8217; despu\u00e9s de Arturo Salah, el \u00faltimo estratega nacional que tuvieron los azules el 2008.<\/p>\n<p><strong>FIGUEROA Y SUS PREMISAS<\/strong><\/p>\n<p>Plantel:<strong> \u00abLleg\u00f3 a un plantel que tiene muy buenos jugadores, y es uno de los mejores de Chile. Hay muchos lesionados pero cuando est\u00e9 completo ser\u00e1 altamente competitivo. No har\u00e9 muchas rotaciones. Trataremos de encontrar un equipo base que juegue todos los torneos. Buscaremos un sistema que me permita tener los mejores jugadores en cancha: Herrera, Rojas, Gonz\u00e1lez, Ar\u00e1nguiz, Rojas, Lorenzetti, Fern\u00e1ndez\u00bb<\/strong>.<\/p>\n<p>Recuperar la confianza: <strong>\u00abCada uno de los jugadores es importante. Hay que recuperar la confianza de todos, no s\u00f3lo la de Fern\u00e1ndez. Que todos se metan en el sistema y en la metodolog\u00eda de trabajo\u00bb<\/strong>.<\/p>\n<p>Relaci\u00f3n Selecci\u00f3n:<strong> \u00abLo que necesite la Selecci\u00f3n lo tendr\u00e1 Sampaoli. Si quiere a los once jugadores los once los tendr\u00e1. Lo que pasa que a veces los compromisos del equipo son tan o m\u00e1s importantes que los de la Selecci\u00f3n\u00bb<\/strong>.<\/p>\n<p>&nbsp;<\/p>\n<p><strong>Fuente: Prensa Futbol<\/strong><\/p>\n","protected":false},"excerpt":{"rendered":"<p>Hoy comenz\u00f3 el proceso de Marco Antonio Figueroa en la banca azul, en su bullado arribo el \u00abFantasma\u00bb prometi\u00f3 agresividad en el juego azul y un esquema y estilo similar al de la era Sampaoli.<\/p>\n","protected":false},"author":56,"featured_media":5114,"comment_status":"open","ping_status":"open","sticky":false,"template":"","format":"standard","meta":{"footnotes":""},"categories":[18],"tags":[],"class_list":{"0":"post-3508","1":"post","2":"type-post","3":"status-publish","4":"format-standard","5":"has-post-thumbnail","7":"category-actualidad"},"_links":{"self":[{"href":"http:\/\/www.rincondelbulla.cl\/portal\/wp-json\/wp\/v2\/posts\/3508","targetHints":{"allow":["GET"]}}],"collection":[{"href":"http:\/\/www.rincondelbulla.cl\/portal\/wp-json\/wp\/v2\/posts"}],"about":[{"href":"http:\/\/www.rincondelbulla.cl\/portal\/wp-json\/wp\/v2\/types\/post"}],"author":[{"embeddable":true,"href":"http:\/\/www.rincondelbulla.cl\/portal\/wp-json\/wp\/v2\/users\/56"}],"replies":[{"embeddable":true,"href":"http:\/\/www.rincondelbulla.cl\/portal\/wp-json\/wp\/v2\/comments?post=3508"}],"version-history":[{"count":0,"href":"http:\/\/www.rincondelbulla.cl\/portal\/wp-json\/wp\/v2\/posts\/3508\/revisions"}],"wp:featuredmedia":[{"embeddable":true,"href":"http:\/\/www.rincondelbulla.cl\/portal\/wp-json\/wp\/v2\/media\/5114"}],"wp:attachment":[{"href":"http:\/\/www.rincondelbulla.cl\/portal\/wp-json\/wp\/v2\/media?parent=3508"}],"wp:term":[{"taxonomy":"category","embeddable":true,"href":"http:\/\/www.rincondelbulla.cl\/portal\/wp-json\/wp\/v2\/categories?post=3508"},{"taxonomy":"post_tag","embeddable":true,"href":"http:\/\/www.rincondelbulla.cl\/portal\/wp-json\/wp\/v2\/tags?post=3508"}],"curies":[{"name":"wp","href":"https:\/\/api.w.org\/{rel}","templated":true}]}}