{"id":3511,"date":"2013-07-15T00:06:09","date_gmt":"2013-07-15T00:06:09","guid":{"rendered":"http:\/\/www.rincondelbulla.cl\/portal\/?p=3511"},"modified":"2013-07-15T00:06:09","modified_gmt":"2013-07-15T00:06:09","slug":"la-u-no-pudo-con-temuco-en-el-debut-de-figueroa","status":"publish","type":"post","link":"http:\/\/www.rincondelbulla.cl\/portal\/2013\/07\/15\/la-u-no-pudo-con-temuco-en-el-debut-de-figueroa\/","title":{"rendered":"La U no pudo con Temuco en el debut de Figueroa"},"content":{"rendered":"<figure id=\"attachment_5117\" aria-describedby=\"caption-attachment-5117\" style=\"width: 407px\" class=\"wp-caption alignnone\"><img loading=\"lazy\" decoding=\"async\" class=\" size-full wp-image-5117\" src=\"http:\/\/www.rincondelbulla.cl\/portal\/wp-content\/uploads\/2013\/07\/057272e2810262d00907e67c90d36dab.jpg\" alt=\"Foto: Agencia UNO\" class=\"caption\" title=\"Salas le amarg\u00f3 el debut al \"Fantasma\"\" width=\"407\" height=\"305\" srcset=\"http:\/\/www.rincondelbulla.cl\/portal\/wp-content\/uploads\/2013\/07\/057272e2810262d00907e67c90d36dab.jpg 407w, http:\/\/www.rincondelbulla.cl\/portal\/wp-content\/uploads\/2013\/07\/057272e2810262d00907e67c90d36dab-300x225.jpg 300w, http:\/\/www.rincondelbulla.cl\/portal\/wp-content\/uploads\/2013\/07\/057272e2810262d00907e67c90d36dab-80x60.jpg 80w, http:\/\/www.rincondelbulla.cl\/portal\/wp-content\/uploads\/2013\/07\/057272e2810262d00907e67c90d36dab-265x198.jpg 265w\" sizes=\"auto, (max-width: 407px) 100vw, 407px\" \/><figcaption id=\"caption-attachment-5117\" class=\"wp-caption-text\">Salas le amarg\u00f3 el debut al<\/figcaption><\/figure>\n<p style=\"text-align: justify;\"><strong><span style=\"font-family: 'Arial','sans-serif';\">Universidad de Chile volvi\u00f3 a caer en Copa Chile. Esta vez ante Deportes Temuco en el estadio Santa Laura por 0-1. Lo \u00fanico positivo que deja el partido es que se vio, al menos, una actitud algo diferente y la U nunca baj\u00f3 los brazos. A esperar qu\u00e9 pasar\u00e1 en esta era del \u201cFantasma\u201d Figueroa al mando del Le\u00f3n.<\/span><\/strong><\/p>\n<p style=\"text-align: justify;\"><strong><span style=\"font-family: 'Arial','sans-serif';\"> <!--more--> <\/span><\/strong><\/p>\n<p style=\"text-align: justify;\"><span style=\"font-family: 'Arial','sans-serif';\">Era el debut de Marco Antonio Figueroa en la banca de la U. Por c\u00f3mo se dieron las cosas con Dar\u00edo Franco (despido por la prensa, mala salida) y por el car\u00e1cter del nuevo t\u00e9cnico del Rom\u00e1ntico Viajero el morbo estaba centrado en lo que pasar\u00eda esta tarde en plaza Chacabuco.<\/span><\/p>\n<p style=\"text-align: justify;\"><span style=\"font-family: 'Arial','sans-serif';\">Pero la U no logr\u00f3 levantar cabeza, al menos en el resultado final, porque fue derrotada por 0-1 con gol de Patricio Salas a los 10\u2019 del segundo tiempo. Pero, como debut del entrenador, no es lo m\u00e1s importante.<\/span><\/p>\n<p style=\"text-align: justify;\"><span style=\"font-family: 'Arial','sans-serif';\">Universidad de Chile mostr\u00f3 cierta diferencia en la actitud al enfrentar el duelo. De hecho, no s\u00e9 si s\u00f3lo fue mi parecer pero, por ejemplo, Ram\u00f3n Fern\u00e1ndez mostr\u00f3 un juego nunca antes visto con la camiseta azul, siendo el conductor real que este equipo necesita, incluso con jugadas vistosas, gambeteando y dejando rivales en el camino.<\/span><\/p>\n<p style=\"text-align: justify;\"><span style=\"font-family: 'Arial','sans-serif';\">Pero en la cancha las cosas se dieron as\u00ed: todo el partido la posesi\u00f3n del bal\u00f3n fue dividida, ambos equipos intentaron llegar al arco rival, en la primera parte s\u00f3lo los del sur lo hicieron con mayor peligro y de no ser por Herrera o por la impericia de los delanteros visitantes, la U se iba perdiendo al descanso.<\/span><\/p>\n<p style=\"text-align: justify;\"><span style=\"font-family: 'Arial','sans-serif';\">El segundo tiempo no fue distinto, un partido trabado y luchado en medio campo hac\u00edan que el empate fuera algo m\u00e1s aburrido, pero poco se demoraron los albiverdes en ponerse en ventaja. 10\u2019 de la segunda parte y salas aprovech\u00f3 una desinteligencia en defensa (m\u00e1s una dudosa posici\u00f3n) y decret\u00f3 el 0-1 solo frente al gran portero Herrera.<\/span><\/p>\n<p style=\"text-align: justify;\"><span style=\"font-family: 'Arial','sans-serif';\">Luego de eso la U busc\u00f3 m\u00e1s pero no logr\u00f3 el empate. La m\u00e1s clara la tuvo Lorenzetti, quien mand\u00f3 a las nubes solo frente al meta rival.<\/span><\/p>\n<p style=\"text-align: justify;\"><span style=\"font-family: 'Arial','sans-serif';\">Se destaca a Fern\u00e1ndez, Ar\u00e1nguiz, Rojas (x2), Herrera, Gonz\u00e1lez (que sali\u00f3 lesionado), quienes hicieron un partido correcto y buscaron hasta el final.<\/span><\/p>\n<p style=\"text-align: justify;\"><span style=\"font-family: 'Arial','sans-serif';\">Le queda tiempo (mucho) y le queda cr\u00e9dito a Figueroa, claro, esto reci\u00e9n comienza, aunque no es bueno partir con derrotas y por la mala fama que lo precede, sin embargo el pueblo azul jam\u00e1s le desear\u00e1 mal a nadie que llegue a defender estos colores, ya lo sabr\u00e1n entre otros Paulo Garc\u00e9s.<\/span><\/p>\n<p style=\"text-align: justify;\"><span style=\"font-family: 'Arial','sans-serif';\">Y como bienvenida o presentaci\u00f3n, el p\u00fablico presente en Santa Laura se encarg\u00f3 de mostrarle al \u201cFantasma\u201d d\u00f3nde est\u00e1, haciendo temblar el estadio con su canto \u201cAunque no ganemos en la cancha\u2026\u201d que, por m\u00e1s hermoso que sea, esperamos que sea una de las pocas veces que Figueroa lo escuchar\u00e1.<\/span><\/p>\n","protected":false},"excerpt":{"rendered":"<p>Universidad de Chile volvi\u00f3 a caer en Copa Chile. Esta vez ante Deportes Temuco en el estadio Santa Laura por 0-1. Lo \u00fanico positivo que deja el partido es que se vio, al menos, una actitud algo diferente y la U nunca baj\u00f3 los brazos. A esperar qu\u00e9 pasar\u00e1 en esta era del \u201cFantasma\u201d Figueroa [&#8230;]<\/p>\n","protected":false},"author":57,"featured_media":5117,"comment_status":"open","ping_status":"open","sticky":false,"template":"","format":"standard","meta":{"footnotes":""},"categories":[18],"tags":[],"class_list":{"0":"post-3511","1":"post","2":"type-post","3":"status-publish","4":"format-standard","5":"has-post-thumbnail","7":"category-actualidad"},"_links":{"self":[{"href":"http:\/\/www.rincondelbulla.cl\/portal\/wp-json\/wp\/v2\/posts\/3511","targetHints":{"allow":["GET"]}}],"collection":[{"href":"http:\/\/www.rincondelbulla.cl\/portal\/wp-json\/wp\/v2\/posts"}],"about":[{"href":"http:\/\/www.rincondelbulla.cl\/portal\/wp-json\/wp\/v2\/types\/post"}],"author":[{"embeddable":true,"href":"http:\/\/www.rincondelbulla.cl\/portal\/wp-json\/wp\/v2\/users\/57"}],"replies":[{"embeddable":true,"href":"http:\/\/www.rincondelbulla.cl\/portal\/wp-json\/wp\/v2\/comments?post=3511"}],"version-history":[{"count":0,"href":"http:\/\/www.rincondelbulla.cl\/portal\/wp-json\/wp\/v2\/posts\/3511\/revisions"}],"wp:featuredmedia":[{"embeddable":true,"href":"http:\/\/www.rincondelbulla.cl\/portal\/wp-json\/wp\/v2\/media\/5117"}],"wp:attachment":[{"href":"http:\/\/www.rincondelbulla.cl\/portal\/wp-json\/wp\/v2\/media?parent=3511"}],"wp:term":[{"taxonomy":"category","embeddable":true,"href":"http:\/\/www.rincondelbulla.cl\/portal\/wp-json\/wp\/v2\/categories?post=3511"},{"taxonomy":"post_tag","embeddable":true,"href":"http:\/\/www.rincondelbulla.cl\/portal\/wp-json\/wp\/v2\/tags?post=3511"}],"curies":[{"name":"wp","href":"https:\/\/api.w.org\/{rel}","templated":true}]}}