{"id":3512,"date":"2013-07-18T12:11:36","date_gmt":"2013-07-18T12:11:36","guid":{"rendered":"http:\/\/www.rincondelbulla.cl\/portal\/?p=3512"},"modified":"2013-07-18T12:11:36","modified_gmt":"2013-07-18T12:11:36","slug":"la-previa-la-u-se-juega-su-ultima-chance-en-copa-chile-ante-concepcion","status":"publish","type":"post","link":"http:\/\/www.rincondelbulla.cl\/portal\/2013\/07\/18\/la-previa-la-u-se-juega-su-ultima-chance-en-copa-chile-ante-concepcion\/","title":{"rendered":"La previa: La \u201cU\u201d se juega su \u00faltima chance en Copa Chile ante Concepci\u00f3n"},"content":{"rendered":"<p><img loading=\"lazy\" decoding=\"async\" class=\" size-full wp-image-5118\" src=\"http:\/\/www.rincondelbulla.cl\/portal\/wp-content\/uploads\/2013\/07\/f3afc3f0dfaf751f72a31e049a7dfe53.jpg\" alt=\"\" width=\"700\" height=\"396\" srcset=\"http:\/\/www.rincondelbulla.cl\/portal\/wp-content\/uploads\/2013\/07\/f3afc3f0dfaf751f72a31e049a7dfe53.jpg 700w, http:\/\/www.rincondelbulla.cl\/portal\/wp-content\/uploads\/2013\/07\/f3afc3f0dfaf751f72a31e049a7dfe53-300x170.jpg 300w, http:\/\/www.rincondelbulla.cl\/portal\/wp-content\/uploads\/2013\/07\/f3afc3f0dfaf751f72a31e049a7dfe53-696x394.jpg 696w\" sizes=\"auto, (max-width: 700px) 100vw, 700px\" \/><\/p>\n<p><strong>Con la obligaci\u00f3n de ganar para mantener las aspiraciones de clasificar a los octavos de final de Copa Chile, la \u201cU\u201d recibe a Deportes Concepci\u00f3n con una p\u00e9sima racha como precedente.<\/strong> <!--more--> <strong>Por Enrique Moreno | @EnriqueMorenoS<\/strong><\/p>\n<p>Tres derrotas consecutivas son las que tienen a la \u201cU\u201d al borde de la eliminaci\u00f3n de Copa Chile. Por ello en la tarde del jueves ante Deportes Concepci\u00f3n tendr\u00e1 su \u00faltima oportunidad de seguir con vida en el grupo 1.<\/p>\n<p>Estas derrotas, ante cada uno de los rivales que ha enfrentado, son las que ubican a los azules como absolutos colistas del grupo sin sumar unidades. En la punta est\u00e1 Temuco con 7, lo sigue Concepci\u00f3n con 5 y \u00d1ublense con 4.<\/p>\n<p>El \u201cFantasma\u201d Figueroa realizar\u00eda dos cambios respecto de su \u00faltima formaci\u00f3n, ya que saldr\u00edan del equipo Osvaldo Gonz\u00e1lez (por lesi\u00f3n), quien ser\u00eda reemplazado por Roberto Cereceda, pasando as\u00ed a una l\u00ednea de cuatro en el fondo, y tambi\u00e9n Juan Rodrigo Rojas, quien para sorpresa de muchos ser\u00eda reemplazado por Ezequiel Videla, quien se cre\u00eda ser\u00eda desligado del equipo por el calvo DT. <\/p>\n<p>De esta forma, el once inicial estar\u00eda compuesto por <strong>Herrera; Magalhaes, Sills, J. Rojas, Cereceda; Ar\u00e1nguiz, Videla, Lorenzetti, Fern\u00e1ndez; C. Cort\u00e9s y Duma<\/strong>. <\/p>\n<p>En tanto, el conjunto sure\u00f1o se ubica segundo en el grupo gracias al triunfo sobre la \u201cU\u201d y a empates ante \u00d1ublense y Deportes Temuco. De ganar ma\u00f1ana, no s\u00f3lo eliminar\u00eda a la \u201cU\u201d, sino que tambi\u00e9n se posicionar\u00eda como uno de los m\u00e1s posibles clasificados a octavos de final.<\/p>\n<p>Azules y lilas se enfrentaron por \u00faltima vez hace pocas semanas, en un partido que termin\u00f3 con triunfo de los sure\u00f1os por 2-1, donde el descuento de la \u201cU\u201d fue anotado por Isaac D\u00edaz. En tanto, en Santiago no se enfrentan desde el 3 de agosto de 2011, cuando por en un partido que defin\u00eda el \u00faltimo cupo chileno para la Copa Sudamericana, la \u201cU\u201d venci\u00f3 por 2-0 con goles de Gabriel Vargas y de Diego Rivarola.<\/p>\n<p>En el historial la \u201cU\u201d se impone de manera clara, ya que de 78 partidos jugados, gan\u00f3 38, empat\u00f3 en 19 y cay\u00f3 s\u00f3lo en 21, teniendo as\u00ed un rendimiento de 61%.<br \/>Para el partido que se jugar\u00e1 desde las 19:30 horas en el Estadio Santa Laura, seguir\u00e1 vigente la promoci\u00f3n de 2&#215;1 en todas las localidades. Las entradas se pueden comprar a trav\u00e9s de la p\u00e1gina web daleticket.cl con el c\u00f3digo promocional \u201cleones\u201d. Tambi\u00e9n se pueden adquirir de manera presencial en el Vel\u00f3dromo del Estadio Nacional entre las 10 y 17 horas del d\u00eda jueves.<\/p>\n<p>Los precios son $3.000 Galer\u00eda ni\u00f1o, $5.000 Galer\u00edas norte y sur, $5.000 Andes ni\u00f1o, $8.000 Andes, $15.000 Marquesina lateral y $25.000 Marquesina preferencial.<\/p>\n<p>El partido ser\u00e1 dirigido por Manuel Acosta y ser\u00e1 transmitido en vivo por CDF Premium, como tambi\u00e9n <strong>lo podr\u00e1s seguir a trav\u00e9s del minuto a minuto del fan page de Rinc\u00f3n del Bulla.<\/strong><\/p>\n","protected":false},"excerpt":{"rendered":"<p>Con la obligaci\u00f3n de ganar para mantener las aspiraciones de clasificar a los octavos de final de Copa Chile, la \u201cU\u201d recibe a Deportes Concepci\u00f3n con una p\u00e9sima racha como precedente.<\/p>\n","protected":false},"author":56,"featured_media":5118,"comment_status":"open","ping_status":"open","sticky":false,"template":"","format":"standard","meta":{"footnotes":""},"categories":[18],"tags":[],"class_list":{"0":"post-3512","1":"post","2":"type-post","3":"status-publish","4":"format-standard","5":"has-post-thumbnail","7":"category-actualidad"},"_links":{"self":[{"href":"http:\/\/www.rincondelbulla.cl\/portal\/wp-json\/wp\/v2\/posts\/3512","targetHints":{"allow":["GET"]}}],"collection":[{"href":"http:\/\/www.rincondelbulla.cl\/portal\/wp-json\/wp\/v2\/posts"}],"about":[{"href":"http:\/\/www.rincondelbulla.cl\/portal\/wp-json\/wp\/v2\/types\/post"}],"author":[{"embeddable":true,"href":"http:\/\/www.rincondelbulla.cl\/portal\/wp-json\/wp\/v2\/users\/56"}],"replies":[{"embeddable":true,"href":"http:\/\/www.rincondelbulla.cl\/portal\/wp-json\/wp\/v2\/comments?post=3512"}],"version-history":[{"count":0,"href":"http:\/\/www.rincondelbulla.cl\/portal\/wp-json\/wp\/v2\/posts\/3512\/revisions"}],"wp:featuredmedia":[{"embeddable":true,"href":"http:\/\/www.rincondelbulla.cl\/portal\/wp-json\/wp\/v2\/media\/5118"}],"wp:attachment":[{"href":"http:\/\/www.rincondelbulla.cl\/portal\/wp-json\/wp\/v2\/media?parent=3512"}],"wp:term":[{"taxonomy":"category","embeddable":true,"href":"http:\/\/www.rincondelbulla.cl\/portal\/wp-json\/wp\/v2\/categories?post=3512"},{"taxonomy":"post_tag","embeddable":true,"href":"http:\/\/www.rincondelbulla.cl\/portal\/wp-json\/wp\/v2\/tags?post=3512"}],"curies":[{"name":"wp","href":"https:\/\/api.w.org\/{rel}","templated":true}]}}