{"id":3534,"date":"2013-08-09T01:57:03","date_gmt":"2013-08-09T01:57:03","guid":{"rendered":"http:\/\/www.rincondelbulla.cl\/portal\/?p=3534"},"modified":"2013-08-09T01:57:03","modified_gmt":"2013-08-09T01:57:03","slug":"el-pricipe-vuelve-avestirse-de-rojo","status":"publish","type":"post","link":"http:\/\/www.rincondelbulla.cl\/portal\/2013\/08\/09\/el-pricipe-vuelve-avestirse-de-rojo\/","title":{"rendered":"El \u00abPr\u00edncipe\u00bb vuelve a vestirse de rojo"},"content":{"rendered":"<figure id=\"attachment_5138\" aria-describedby=\"caption-attachment-5138\" style=\"width: 700px\" class=\"wp-caption alignnone\"><img loading=\"lazy\" decoding=\"async\" class=\" size-full wp-image-5138\" src=\"http:\/\/www.rincondelbulla.cl\/portal\/wp-content\/uploads\/2013\/08\/fa41c6355da7987b11bb27f4294e9409.jpg\" alt=\"\" class=\"caption\" title=\"Foto: Patricio Gonz\u00e1lez\" width=\"700\" height=\"467\" srcset=\"http:\/\/www.rincondelbulla.cl\/portal\/wp-content\/uploads\/2013\/08\/fa41c6355da7987b11bb27f4294e9409.jpg 700w, http:\/\/www.rincondelbulla.cl\/portal\/wp-content\/uploads\/2013\/08\/fa41c6355da7987b11bb27f4294e9409-300x200.jpg 300w, http:\/\/www.rincondelbulla.cl\/portal\/wp-content\/uploads\/2013\/08\/fa41c6355da7987b11bb27f4294e9409-696x464.jpg 696w, http:\/\/www.rincondelbulla.cl\/portal\/wp-content\/uploads\/2013\/08\/fa41c6355da7987b11bb27f4294e9409-630x420.jpg 630w\" sizes=\"auto, (max-width: 700px) 100vw, 700px\" \/><figcaption id=\"caption-attachment-5138\" class=\"wp-caption-text\">Foto: Patricio Gonz\u00e1lez<\/figcaption><\/figure>\n<p><strong>Tras estar ausente de las n\u00f3minas anteriores por faltar a una concentraci\u00f3n, el volante azul fue considerado nuevamente por el calvo estratega nacional, Jorge Sampaoli.<\/strong><\/p>\n<p>  <!--more-->  <\/p>\n<p>La ANFP inform\u00f3 los cuatro citados del medio local, con los que Jorge Sampaoli completa la n\u00f3mina de la selecci\u00f3n chilena que enfrentar\u00e1 a Irak el 14 de agosto, en Copenhague, Dinamarca.<\/p>\n<p>&nbsp;<\/p>\n<p>El DT esper\u00f3 que Universidad de Chile y Universidad Cat\u00f3lica cumplieran con sus compromisos por la Copa Sudamericana, para oficializar la convocatoria de Johnny Herrera, Jos\u00e9 Rojas y Charles Ar\u00e1nguiz, de la \u00abU\u00bb, y Fernando Meneses, de la UC.<\/p>\n<p>La gran novedad es el regreso de Ar\u00e1nguiz a la selecci\u00f3n, luego de que su pol\u00e9mica marginaci\u00f3n del amistoso que la \u00abRoja\u00bb disput\u00f3 ante Brasil en Belo Horizonte, el 24 de abril.<\/p>\n<p>En esa oportunidad, el volante no lleg\u00f3 a un entrenamiento en Juan Pinto Dur\u00e1n y no llam\u00f3 al cuerpo t\u00e9cnico para justificar su ausencia, explicando por otros medios que se qued\u00f3 dormido por unos medicamentos que tom\u00f3.<\/p>\n<p>&nbsp;<\/p>\n<p><strong>Fuente: La Tercera<\/strong><\/p>\n","protected":false},"excerpt":{"rendered":"<p>Tras estar ausente de las n\u00f3minas anteriores por faltar a una concentraci\u00f3n, el volante azul fue considerado nuevamente por el calvo estratega nacional, Jorge Sampaoli.<\/p>\n","protected":false},"author":56,"featured_media":5138,"comment_status":"open","ping_status":"open","sticky":false,"template":"","format":"standard","meta":{"footnotes":""},"categories":[18],"tags":[],"class_list":{"0":"post-3534","1":"post","2":"type-post","3":"status-publish","4":"format-standard","5":"has-post-thumbnail","7":"category-actualidad"},"_links":{"self":[{"href":"http:\/\/www.rincondelbulla.cl\/portal\/wp-json\/wp\/v2\/posts\/3534","targetHints":{"allow":["GET"]}}],"collection":[{"href":"http:\/\/www.rincondelbulla.cl\/portal\/wp-json\/wp\/v2\/posts"}],"about":[{"href":"http:\/\/www.rincondelbulla.cl\/portal\/wp-json\/wp\/v2\/types\/post"}],"author":[{"embeddable":true,"href":"http:\/\/www.rincondelbulla.cl\/portal\/wp-json\/wp\/v2\/users\/56"}],"replies":[{"embeddable":true,"href":"http:\/\/www.rincondelbulla.cl\/portal\/wp-json\/wp\/v2\/comments?post=3534"}],"version-history":[{"count":0,"href":"http:\/\/www.rincondelbulla.cl\/portal\/wp-json\/wp\/v2\/posts\/3534\/revisions"}],"wp:featuredmedia":[{"embeddable":true,"href":"http:\/\/www.rincondelbulla.cl\/portal\/wp-json\/wp\/v2\/media\/5138"}],"wp:attachment":[{"href":"http:\/\/www.rincondelbulla.cl\/portal\/wp-json\/wp\/v2\/media?parent=3534"}],"wp:term":[{"taxonomy":"category","embeddable":true,"href":"http:\/\/www.rincondelbulla.cl\/portal\/wp-json\/wp\/v2\/categories?post=3534"},{"taxonomy":"post_tag","embeddable":true,"href":"http:\/\/www.rincondelbulla.cl\/portal\/wp-json\/wp\/v2\/tags?post=3534"}],"curies":[{"name":"wp","href":"https:\/\/api.w.org\/{rel}","templated":true}]}}