{"id":3535,"date":"2013-08-09T02:01:59","date_gmt":"2013-08-09T02:01:59","guid":{"rendered":"http:\/\/www.rincondelbulla.cl\/portal\/?p=3535"},"modified":"2013-08-09T02:01:59","modified_gmt":"2013-08-09T02:01:59","slug":"ruben-farfan-espera-que-la-u-siga-con-el-nivel-mostrado-ante-real-potosi","status":"publish","type":"post","link":"http:\/\/www.rincondelbulla.cl\/portal\/2013\/08\/09\/ruben-farfan-espera-que-la-u-siga-con-el-nivel-mostrado-ante-real-potosi\/","title":{"rendered":"Rub\u00e9n Farf\u00e1n espera que la U siga con el nivel mostrado ante Real Potos\u00ed"},"content":{"rendered":"<figure id=\"attachment_5139\" aria-describedby=\"caption-attachment-5139\" style=\"width: 700px\" class=\"wp-caption alignnone\"><img loading=\"lazy\" decoding=\"async\" class=\" size-full wp-image-5139\" src=\"http:\/\/www.rincondelbulla.cl\/portal\/wp-content\/uploads\/2013\/08\/4d22af30e60abaaa4635886a493b49fd.jpg\" alt=\"\" class=\"caption\" title=\"Foto: Claudio C\u00e1ceres\" width=\"700\" height=\"467\" srcset=\"http:\/\/www.rincondelbulla.cl\/portal\/wp-content\/uploads\/2013\/08\/4d22af30e60abaaa4635886a493b49fd.jpg 700w, http:\/\/www.rincondelbulla.cl\/portal\/wp-content\/uploads\/2013\/08\/4d22af30e60abaaa4635886a493b49fd-300x200.jpg 300w, http:\/\/www.rincondelbulla.cl\/portal\/wp-content\/uploads\/2013\/08\/4d22af30e60abaaa4635886a493b49fd-696x464.jpg 696w, http:\/\/www.rincondelbulla.cl\/portal\/wp-content\/uploads\/2013\/08\/4d22af30e60abaaa4635886a493b49fd-630x420.jpg 630w\" sizes=\"auto, (max-width: 700px) 100vw, 700px\" \/><figcaption id=\"caption-attachment-5139\" class=\"wp-caption-text\">Foto: Claudio C\u00e1ceres<\/figcaption><\/figure>\n<p><strong>El delantero azul tuvo su primer encuentro con la prensa en el Centro Deportivo Azul (CDA),en donde &nbsp;se refiri\u00f3 al actual momento del equipo e insisti\u00f3 que tratar\u00e1n de repetir ante Cobresal lo hecho el martes frente el equipo boliviano. <!--more--> <\/strong>El \u00e1nimo en Universidad de Chile est\u00e1 muy arriba, sobre todo tras la goleada en la Copa Sudamericana. En conferencia de prensa desde el CDA, Rub\u00e9n Farf\u00e1n se\u00f1al\u00f3 que la \u201cU\u201d ya despeg\u00f3 y que ahora hay que mantenerse para mejorar en el Torneo de Apertura.<\/p>\n<p><strong>\u201cAgarramos mucha confianza, llegaron los goles y esperamos que sigamos as\u00ed (\u2026) No hay que relajarse. Vamos agarrando confianza y gracias al apoyo del t\u00e9cnico esperamos seguir ganando\u201d<\/strong>, coment\u00f3 el delantero azul.<\/p>\n<p>Farf\u00e1n cree que la \u201cU\u201d ha subido el nivel y que han esbozado un juego parecido al de a\u00f1os anteriores. El ex delantero de Uni\u00f3n La Calera espera que este viernes ante Cobresal consigan su primera victoria en el Torneo de Apertura.<\/p>\n<p><strong>\u201cEst\u00e1 volviendo a jugar como lo hac\u00eda antes Universidad de Chile, as\u00ed que el viernes ante Cobresal vamos a hacer lo mismo que hicimos ante Potos\u00ed; salir a buscar el partido, ocupar harto las bandas y salir a presionar\u201d<\/strong>, dijo.<\/p>\n<p>&nbsp;<\/p>\n<p><strong>Fuente: Red Gol<\/strong><\/p>\n","protected":false},"excerpt":{"rendered":"<p>El delantero azul tuvo su primer encuentro con la prensa en el Centro Deportivo Azul (CDA),en donde &nbsp;se refiri\u00f3 al actual momento del equipo e insisti\u00f3 que tratar\u00e1n de repetir ante Cobresal lo hecho el martes frente el equipo boliviano.<\/p>\n","protected":false},"author":56,"featured_media":5139,"comment_status":"open","ping_status":"open","sticky":false,"template":"","format":"standard","meta":{"footnotes":""},"categories":[18],"tags":[],"class_list":{"0":"post-3535","1":"post","2":"type-post","3":"status-publish","4":"format-standard","5":"has-post-thumbnail","7":"category-actualidad"},"_links":{"self":[{"href":"http:\/\/www.rincondelbulla.cl\/portal\/wp-json\/wp\/v2\/posts\/3535","targetHints":{"allow":["GET"]}}],"collection":[{"href":"http:\/\/www.rincondelbulla.cl\/portal\/wp-json\/wp\/v2\/posts"}],"about":[{"href":"http:\/\/www.rincondelbulla.cl\/portal\/wp-json\/wp\/v2\/types\/post"}],"author":[{"embeddable":true,"href":"http:\/\/www.rincondelbulla.cl\/portal\/wp-json\/wp\/v2\/users\/56"}],"replies":[{"embeddable":true,"href":"http:\/\/www.rincondelbulla.cl\/portal\/wp-json\/wp\/v2\/comments?post=3535"}],"version-history":[{"count":0,"href":"http:\/\/www.rincondelbulla.cl\/portal\/wp-json\/wp\/v2\/posts\/3535\/revisions"}],"wp:featuredmedia":[{"embeddable":true,"href":"http:\/\/www.rincondelbulla.cl\/portal\/wp-json\/wp\/v2\/media\/5139"}],"wp:attachment":[{"href":"http:\/\/www.rincondelbulla.cl\/portal\/wp-json\/wp\/v2\/media?parent=3535"}],"wp:term":[{"taxonomy":"category","embeddable":true,"href":"http:\/\/www.rincondelbulla.cl\/portal\/wp-json\/wp\/v2\/categories?post=3535"},{"taxonomy":"post_tag","embeddable":true,"href":"http:\/\/www.rincondelbulla.cl\/portal\/wp-json\/wp\/v2\/tags?post=3535"}],"curies":[{"name":"wp","href":"https:\/\/api.w.org\/{rel}","templated":true}]}}