{"id":3536,"date":"2013-08-09T11:18:45","date_gmt":"2013-08-09T11:18:45","guid":{"rendered":"http:\/\/www.rincondelbulla.cl\/portal\/?p=3536"},"modified":"2013-08-09T11:18:45","modified_gmt":"2013-08-09T11:18:45","slug":"la-previa-una-u-en-alza-enfrenta-a-cobresal","status":"publish","type":"post","link":"http:\/\/www.rincondelbulla.cl\/portal\/2013\/08\/09\/la-previa-una-u-en-alza-enfrenta-a-cobresal\/","title":{"rendered":"La previa: Una \u201cU\u201d en alza enfrenta a Cobresal"},"content":{"rendered":"<figure id=\"attachment_5140\" aria-describedby=\"caption-attachment-5140\" style=\"width: 700px\" class=\"wp-caption alignnone\"><img loading=\"lazy\" decoding=\"async\" class=\" size-full wp-image-5140\" src=\"http:\/\/www.rincondelbulla.cl\/portal\/wp-content\/uploads\/2013\/08\/e33768cc37de16038062e126e16adb31.jpg\" alt=\"\" class=\"caption\" title=\"Foto: Patricio Gonz\u00e1lez\" width=\"700\" height=\"467\" srcset=\"http:\/\/www.rincondelbulla.cl\/portal\/wp-content\/uploads\/2013\/08\/e33768cc37de16038062e126e16adb31.jpg 700w, http:\/\/www.rincondelbulla.cl\/portal\/wp-content\/uploads\/2013\/08\/e33768cc37de16038062e126e16adb31-300x200.jpg 300w, http:\/\/www.rincondelbulla.cl\/portal\/wp-content\/uploads\/2013\/08\/e33768cc37de16038062e126e16adb31-696x464.jpg 696w, http:\/\/www.rincondelbulla.cl\/portal\/wp-content\/uploads\/2013\/08\/e33768cc37de16038062e126e16adb31-630x420.jpg 630w\" sizes=\"auto, (max-width: 700px) 100vw, 700px\" \/><figcaption id=\"caption-attachment-5140\" class=\"wp-caption-text\">Foto: Patricio Gonz\u00e1lez<\/figcaption><\/figure>\n<p><strong>Tras la inyecci\u00f3n an\u00edmica que result\u00f3 el 5-0 a Real Potos\u00ed, los azules ahora deber\u00e1n enfocarse&nbsp;al campeonato local, donde enfrentar\u00e1n a Cobresal por la tercera fecha y buscar\u00e1n su primer triufo. <!--more--> <\/strong><strong>Por Enrique Moreno | @EnriqueMorenoS<\/strong><\/p>\n<p>Revitalizadora para la \u201cU\u201d result\u00f3 la goleada ante el Real Potos\u00ed tras muchos partidos sin marcar&nbsp;diferencias. Pero esta alza an\u00edmica y futbol\u00edstica deber\u00e1 plasmarla ante Cobresal en el torneo local,&nbsp;ya que en esa competici\u00f3n a\u00fan no gana y est\u00e1 cinco unidades por debajo de los punteros.<\/p>\n<p>Para este partido, el \u201cFantasma\u201d mantendr\u00eda la oncena que jug\u00f3 por la copa a mitad de semana,&nbsp;y s\u00f3lo reemplazar\u00eda a Ar\u00e1nguiz por Bryan Cort\u00e9s, ya que el \u201cPrincipe\u201d est\u00e1 suspendido tras ser&nbsp;expulsado ante Palestino. De esta manera, la \u201cU\u201d saldr\u00eda a la cancha con <strong>Herrera; Magalhaes, Sills,&nbsp;J. Rojas; B. Cort\u00e9s, J.R. Rojas, Lorenzetti; Fern\u00e1ndez; Farf\u00e1n, D\u00edaz y C. Cort\u00e9s.<\/strong><\/p>\n<p>En frente estar\u00e1 el cuadro de Cobresal, el que tiene dos puntos tras igualar 1-1 con La Calera y 0-0 con Iquique. Para este partido, formar\u00edan con Cuerdo; Salinas, Herrera, Salazar, Jerez; Saravia,&nbsp;Farias, Fuentes, Herrera; Saavedra, Navarro.<\/p>\n<p>La \u00faltima vez que azules y mineros se enfrentaron, fue el 2 de marzo por el Torneo de Transici\u00f3n.<\/p>\n<p>Aquella vez en el estadio El Cobre, la \u201cU\u201d se impuso 3-1 con goles de Michael Contreras y&nbsp;Sebasti\u00e1n Ubilla en dos oportunidades.<\/p>\n<p>En tanto, en Santiago no se enfrentan desde 3 de marzo de 2012, cuando en el estadio Santa Laura&nbsp;el cuadro laico gan\u00f3 tambi\u00e9n por 3-1 con tantos de Mat\u00edas Rodr\u00edguez, Roberto Cereceda y Paulo&nbsp;Magalhaes.<\/p>\n<p>En el historial, los azules se imponen de manera clara: de 46 partidos jugados entre ambos,&nbsp;ha ganado 29, empatado en 9 y ca\u00eddo s\u00f3lo en 8, teniendo un positivo rendimiento de 73%. Ha&nbsp;convertido 101 goles y ha recibido 62.<\/p>\n<p>Para el partido que se jugar\u00e1 a las 20 horas en el Estadio Santa Laura, las entradas se pueden&nbsp;comprar de forma online en la p\u00e1gina web daleticket.cl y de manera presencial en el Vel\u00f3dromo&nbsp;del Estadio Nacional (calle Pedro de Valdivia) entre 10 y 18 horas.<\/p>\n<p>Los precios son: galer\u00eda ni\u00f1o $3.000, galer\u00eda norte y sur $5.000, andes ni\u00f1o $4.000, andes $8.000, marquesina lateral $15.000 y marquesina preferencial $25.000.<\/p>\n<p>El partido ser\u00e1 dirigido por Rafael Troncoso y lo transmitir\u00e1 en vivo CDF Premium. <strong>Tambi\u00e9n podr\u00e1s&nbsp;seguir el minuto a minuto en el fan page de Rinc\u00f3n del Bulla.<\/strong><\/p>\n","protected":false},"excerpt":{"rendered":"<p>Tras la inyecci\u00f3n an\u00edmica que result\u00f3 el 5-0 a Real Potos\u00ed, los azules ahora deber\u00e1n enfocarse&nbsp;al campeonato local, donde enfrentar\u00e1n a Cobresal por la tercera fecha y buscar\u00e1n su primer triufo.<\/p>\n","protected":false},"author":56,"featured_media":5140,"comment_status":"open","ping_status":"open","sticky":false,"template":"","format":"standard","meta":{"footnotes":""},"categories":[18],"tags":[],"class_list":{"0":"post-3536","1":"post","2":"type-post","3":"status-publish","4":"format-standard","5":"has-post-thumbnail","7":"category-actualidad"},"_links":{"self":[{"href":"http:\/\/www.rincondelbulla.cl\/portal\/wp-json\/wp\/v2\/posts\/3536","targetHints":{"allow":["GET"]}}],"collection":[{"href":"http:\/\/www.rincondelbulla.cl\/portal\/wp-json\/wp\/v2\/posts"}],"about":[{"href":"http:\/\/www.rincondelbulla.cl\/portal\/wp-json\/wp\/v2\/types\/post"}],"author":[{"embeddable":true,"href":"http:\/\/www.rincondelbulla.cl\/portal\/wp-json\/wp\/v2\/users\/56"}],"replies":[{"embeddable":true,"href":"http:\/\/www.rincondelbulla.cl\/portal\/wp-json\/wp\/v2\/comments?post=3536"}],"version-history":[{"count":0,"href":"http:\/\/www.rincondelbulla.cl\/portal\/wp-json\/wp\/v2\/posts\/3536\/revisions"}],"wp:featuredmedia":[{"embeddable":true,"href":"http:\/\/www.rincondelbulla.cl\/portal\/wp-json\/wp\/v2\/media\/5140"}],"wp:attachment":[{"href":"http:\/\/www.rincondelbulla.cl\/portal\/wp-json\/wp\/v2\/media?parent=3536"}],"wp:term":[{"taxonomy":"category","embeddable":true,"href":"http:\/\/www.rincondelbulla.cl\/portal\/wp-json\/wp\/v2\/categories?post=3536"},{"taxonomy":"post_tag","embeddable":true,"href":"http:\/\/www.rincondelbulla.cl\/portal\/wp-json\/wp\/v2\/tags?post=3536"}],"curies":[{"name":"wp","href":"https:\/\/api.w.org\/{rel}","templated":true}]}}