{"id":3537,"date":"2013-08-09T12:07:57","date_gmt":"2013-08-09T12:07:57","guid":{"rendered":"http:\/\/www.rincondelbulla.cl\/portal\/?p=3537"},"modified":"2013-08-09T12:07:57","modified_gmt":"2013-08-09T12:07:57","slug":"universidad-de-chile-se-medira-con-equipo-ecuatoriano-en-la-siguiente-fase-de-la-copa-sudamericana","status":"publish","type":"post","link":"http:\/\/www.rincondelbulla.cl\/portal\/2013\/08\/09\/universidad-de-chile-se-medira-con-equipo-ecuatoriano-en-la-siguiente-fase-de-la-copa-sudamericana\/","title":{"rendered":"Universidad de Chile se medir\u00e1 con equipo ecuatoriano en la siguiente fase de la Copa Sudamericana"},"content":{"rendered":"<figure id=\"attachment_5141\" aria-describedby=\"caption-attachment-5141\" style=\"width: 700px\" class=\"wp-caption alignnone\"><img loading=\"lazy\" decoding=\"async\" class=\" size-full wp-image-5141\" src=\"http:\/\/www.rincondelbulla.cl\/portal\/wp-content\/uploads\/2013\/08\/caae2c0a6f202f7359198aaa7144e8f4.jpg\" alt=\"\" class=\"caption\" title=\"Foto: Claudio C\u00e1ceres\" width=\"700\" height=\"467\" srcset=\"http:\/\/www.rincondelbulla.cl\/portal\/wp-content\/uploads\/2013\/08\/caae2c0a6f202f7359198aaa7144e8f4.jpg 700w, http:\/\/www.rincondelbulla.cl\/portal\/wp-content\/uploads\/2013\/08\/caae2c0a6f202f7359198aaa7144e8f4-300x200.jpg 300w, http:\/\/www.rincondelbulla.cl\/portal\/wp-content\/uploads\/2013\/08\/caae2c0a6f202f7359198aaa7144e8f4-696x464.jpg 696w, http:\/\/www.rincondelbulla.cl\/portal\/wp-content\/uploads\/2013\/08\/caae2c0a6f202f7359198aaa7144e8f4-630x420.jpg 630w\" sizes=\"auto, (max-width: 700px) 100vw, 700px\" \/><figcaption id=\"caption-attachment-5141\" class=\"wp-caption-text\">Foto: Claudio C\u00e1ceres<\/figcaption><\/figure>\n<p><strong>La U deber\u00e1 enfrentar al humilde cuadro ecuatoriano, Independiente del Valle. <!--more--> <\/strong>Tras haber perdido por 3-1 en el debut de la Copa Sudamericana 2013 ante el Real Potos\u00ed en Bolivia, pocos cre\u00edan que el equipo azul lograr\u00eda pasar a la siguiente llave del certamen, sin embargo este equipo ya nos ha ense\u00f1ado de haza\u00f1as y esta no fue la excepci\u00f3n.<\/p>\n<p>Un 5-0 contundente fue el resultado que catapult\u00f3 a los laicos a la siguiente llave del certamen continental.&nbsp;<\/p>\n<p>Ayer en la noche se sup\u00f3 el rival al cual deber\u00e1 enfrentar Universidad de Chile en la siguiente fase de Copa Sudamericana, se trata del humilde cuadro ecuatoriano de Independiente del Valle que tras vencer como visitante a los venezolanos del Deportivo Anzo\u00e1tegui por 2-1 sellaron su paso a la siguiente llave, en el partido de ida ambas escuadras no se hicieron da\u00f1o.<span style=\"font-family: Arial, Helvetica, sans-serif; font-size: 16px; line-height: 21.90625px; text-align: justify;\"><br \/><\/span><\/p>\n<p>El cuadro ecuatoriano es dirigido por el urguayo Pablo Repetto y hace de local en el Estadio Municipal General Rumi\u00f1ahui, ubicado en la ciudad de Sangolqu\u00ed , la cual queda a unos 25 minutos de Quito.<\/p>\n<p>Universidad de Chile har\u00e1 de local en el partido de ida, el cual a\u00fan no est\u00e1 programado, pero se sabe que ser\u00e1 entre los d\u00edas 20, 21 o 22 de agosto, la semana siguiente la U viajar\u00e1 a Ecuador.<\/p>\n<p><span style=\"color: #000000; font-family: arial, helvetica, clean, sans-serif; font-size: 14px; line-height: 20.4375px;\">&nbsp; &nbsp;&nbsp;<\/span><\/p>\n","protected":false},"excerpt":{"rendered":"<p>La U deber\u00e1 enfrentar al humilde cuadro ecuatoriano, Independiente del Valle.<\/p>\n","protected":false},"author":56,"featured_media":5141,"comment_status":"open","ping_status":"open","sticky":false,"template":"","format":"standard","meta":{"footnotes":""},"categories":[18],"tags":[],"class_list":{"0":"post-3537","1":"post","2":"type-post","3":"status-publish","4":"format-standard","5":"has-post-thumbnail","7":"category-actualidad"},"_links":{"self":[{"href":"http:\/\/www.rincondelbulla.cl\/portal\/wp-json\/wp\/v2\/posts\/3537","targetHints":{"allow":["GET"]}}],"collection":[{"href":"http:\/\/www.rincondelbulla.cl\/portal\/wp-json\/wp\/v2\/posts"}],"about":[{"href":"http:\/\/www.rincondelbulla.cl\/portal\/wp-json\/wp\/v2\/types\/post"}],"author":[{"embeddable":true,"href":"http:\/\/www.rincondelbulla.cl\/portal\/wp-json\/wp\/v2\/users\/56"}],"replies":[{"embeddable":true,"href":"http:\/\/www.rincondelbulla.cl\/portal\/wp-json\/wp\/v2\/comments?post=3537"}],"version-history":[{"count":0,"href":"http:\/\/www.rincondelbulla.cl\/portal\/wp-json\/wp\/v2\/posts\/3537\/revisions"}],"wp:featuredmedia":[{"embeddable":true,"href":"http:\/\/www.rincondelbulla.cl\/portal\/wp-json\/wp\/v2\/media\/5141"}],"wp:attachment":[{"href":"http:\/\/www.rincondelbulla.cl\/portal\/wp-json\/wp\/v2\/media?parent=3537"}],"wp:term":[{"taxonomy":"category","embeddable":true,"href":"http:\/\/www.rincondelbulla.cl\/portal\/wp-json\/wp\/v2\/categories?post=3537"},{"taxonomy":"post_tag","embeddable":true,"href":"http:\/\/www.rincondelbulla.cl\/portal\/wp-json\/wp\/v2\/tags?post=3537"}],"curies":[{"name":"wp","href":"https:\/\/api.w.org\/{rel}","templated":true}]}}