{"id":3539,"date":"2013-08-13T10:51:48","date_gmt":"2013-08-13T10:51:48","guid":{"rendered":"http:\/\/www.rincondelbulla.cl\/portal\/?p=3539"},"modified":"2013-08-13T10:51:48","modified_gmt":"2013-08-13T10:51:48","slug":"hoy-comienza-la-venta-de-entradas-para-el-duelo-entre-nublense-y-universidad-de-chile","status":"publish","type":"post","link":"http:\/\/www.rincondelbulla.cl\/portal\/2013\/08\/13\/hoy-comienza-la-venta-de-entradas-para-el-duelo-entre-nublense-y-universidad-de-chile\/","title":{"rendered":"Hoy comienza la venta de entradas para el duelo entre \u00d1ublense y Universidad de Chile"},"content":{"rendered":"<p><img loading=\"lazy\" decoding=\"async\" class=\" size-full wp-image-5143\" src=\"http:\/\/www.rincondelbulla.cl\/portal\/wp-content\/uploads\/2013\/08\/e6446adaf88305054ca19cc2d67eeba6.jpg\" alt=\"\" width=\"700\" height=\"396\" srcset=\"http:\/\/www.rincondelbulla.cl\/portal\/wp-content\/uploads\/2013\/08\/e6446adaf88305054ca19cc2d67eeba6.jpg 700w, http:\/\/www.rincondelbulla.cl\/portal\/wp-content\/uploads\/2013\/08\/e6446adaf88305054ca19cc2d67eeba6-300x170.jpg 300w, http:\/\/www.rincondelbulla.cl\/portal\/wp-content\/uploads\/2013\/08\/e6446adaf88305054ca19cc2d67eeba6-696x394.jpg 696w\" sizes=\"auto, (max-width: 700px) 100vw, 700px\" \/><\/p>\n<p><strong>Este martes 13 de agosto, comenzar\u00e1 la venta de las entradas para el compromiso del pr\u00f3ximo Domingo 18 de agosto a las 15:30 horas, instancia en la que \u00d1ublense recibir\u00e1 en el estadio Bicentenario Nelson Oyarz\u00fan Arenas, a su similar de U. de Chile. <!--more--> <\/strong>Las entradas para la hinchada visitante, Sector Sur, se vender\u00e1n exclusivamente desde el d\u00eda viernes 16 en las boleter\u00edas del estadio municipal, con un m\u00e1ximo de tres ticket por persona. El d\u00eda del partido, las entradas sur no se vender\u00e1n en el estadio, solamente en la Tenencia de Carreteras \u00d1uble. Por disposici\u00f3n de las autoridades pertinentes, el \u201cSector Sur\u201d ser\u00e1 exclusivamente para la VISITA.<\/p>\n<p><strong>Valores de las Entradas<\/strong><\/p>\n<p>-Promoci\u00f3n no Ubicaci\u00f3n Normal<br \/>-Norte $6.000<br \/>-Andes $8.000<br \/>-Ni\u00f1os $3.000<strong>Acumulable con otras promociones<\/strong><\/p>\n<p>-Sur $6.000<\/p>\n<p>\u201cNi\u00f1os:\u201d solo disponible para los sectores Norte y Andes.<\/p>\n<p><strong>Consideraciones y recomendaciones.<\/strong><\/p>\n<p>&#8211; Este partido entre \u00d1ublense y U. de Chile ha sido anunciado de \u201calta convocatoria\u201d (Clase A).<\/p>\n<p>&#8211; Para este partido cada asistente deber\u00e1 llevar su cedula de identidad, ya que de no llevarla y\/o presentarla a las autoridades o controles de seguridad al ingreso, arriesga la imposibilidad de ingresar al estadio y sin derecho a devoluci\u00f3n de dineros por este concepto. \u00d1ublense se reserva el derecho de admisi\u00f3n.<\/p>\n<p><strong>Puntos de Venta Hinchada visitante: Viernes 16 al domingo 18 de agosto de 2013<\/strong><\/p>\n<p>&#8211; Viernes 16(Entradas Sector Sur): Boleter\u00edas Estadio Municipal (9:30 a 18:00 horas).<\/p>\n<p>&#8211; S\u00e1bado 17(Entradas Sector Sur): Boleter\u00edas Estadio Municipal (9:30 a 18:00 horas)<\/p>\n<p>&#8211; Domingo 18(Entradas Sector Sur): Tenencia carretera \u00d1uble (11:30).<\/p>\n<p><strong>Fuente: Sitio oficial \u00d1ublense<\/strong><\/p>\n<p>&nbsp;<\/p>\n","protected":false},"excerpt":{"rendered":"<p>Este martes 13 de agosto, comenzar\u00e1 la venta de las entradas para el compromiso del pr\u00f3ximo Domingo 18 de agosto a las 15:30 horas, instancia en la que \u00d1ublense recibir\u00e1 en el estadio Bicentenario Nelson Oyarz\u00fan Arenas, a su similar de U. de Chile.<\/p>\n","protected":false},"author":56,"featured_media":5143,"comment_status":"open","ping_status":"open","sticky":false,"template":"","format":"standard","meta":{"footnotes":""},"categories":[18],"tags":[],"class_list":{"0":"post-3539","1":"post","2":"type-post","3":"status-publish","4":"format-standard","5":"has-post-thumbnail","7":"category-actualidad"},"_links":{"self":[{"href":"http:\/\/www.rincondelbulla.cl\/portal\/wp-json\/wp\/v2\/posts\/3539","targetHints":{"allow":["GET"]}}],"collection":[{"href":"http:\/\/www.rincondelbulla.cl\/portal\/wp-json\/wp\/v2\/posts"}],"about":[{"href":"http:\/\/www.rincondelbulla.cl\/portal\/wp-json\/wp\/v2\/types\/post"}],"author":[{"embeddable":true,"href":"http:\/\/www.rincondelbulla.cl\/portal\/wp-json\/wp\/v2\/users\/56"}],"replies":[{"embeddable":true,"href":"http:\/\/www.rincondelbulla.cl\/portal\/wp-json\/wp\/v2\/comments?post=3539"}],"version-history":[{"count":0,"href":"http:\/\/www.rincondelbulla.cl\/portal\/wp-json\/wp\/v2\/posts\/3539\/revisions"}],"wp:featuredmedia":[{"embeddable":true,"href":"http:\/\/www.rincondelbulla.cl\/portal\/wp-json\/wp\/v2\/media\/5143"}],"wp:attachment":[{"href":"http:\/\/www.rincondelbulla.cl\/portal\/wp-json\/wp\/v2\/media?parent=3539"}],"wp:term":[{"taxonomy":"category","embeddable":true,"href":"http:\/\/www.rincondelbulla.cl\/portal\/wp-json\/wp\/v2\/categories?post=3539"},{"taxonomy":"post_tag","embeddable":true,"href":"http:\/\/www.rincondelbulla.cl\/portal\/wp-json\/wp\/v2\/tags?post=3539"}],"curies":[{"name":"wp","href":"https:\/\/api.w.org\/{rel}","templated":true}]}}